{"id":89157,"date":"2022-07-18T10:48:53","date_gmt":"2022-07-18T09:48:53","guid":{"rendered":"http:\/\/3.72.60.250\/?p=89157"},"modified":"2024-08-19T11:00:33","modified_gmt":"2024-08-19T10:00:33","slug":"work-life-imbalance-logistik-berufe","status":"publish","type":"post","link":"https:\/\/quicargo.com\/de\/blog\/work-life-imbalance-logistik-berufe\/","title":{"rendered":"Work-Life Imbalance unter LKW-Fahrern und weiteren Logistikberufen"},"content":{"rendered":"\t\t<div data-elementor-type=\"wp-post\" data-elementor-id=\"89157\" class=\"elementor elementor-89157 elementor-89128\" data-elementor-post-type=\"post\">\n\t\t\t\t\t\t<section class=\"elementor-section elementor-top-section elementor-element elementor-element-7fec3ef6 elementor-section-full_width elementor-section-height-default elementor-section-height-default\" data-id=\"7fec3ef6\" data-element_type=\"section\" data-e-type=\"section\">\n\t\t\t\t\t\t<div class=\"elementor-container elementor-column-gap-no\">\n\t\t\t\t\t<div class=\"elementor-column elementor-col-100 elementor-top-column elementor-element elementor-element-59a018fe\" data-id=\"59a018fe\" data-element_type=\"column\" data-e-type=\"column\">\n\t\t\t<div class=\"elementor-widget-wrap elementor-element-populated\">\n\t\t\t\t\t\t<div class=\"elementor-element elementor-element-4c78013c elementor-widget elementor-widget-progress-tracker\" data-id=\"4c78013c\" data-element_type=\"widget\" data-e-type=\"widget\" data-settings=\"{&quot;sticky&quot;:&quot;top&quot;,&quot;sticky_offset&quot;:74,&quot;sticky_offset_tablet&quot;:58,&quot;type&quot;:&quot;horizontal&quot;,&quot;relative_to&quot;:&quot;entire_page&quot;,&quot;percentage&quot;:&quot;no&quot;,&quot;sticky_on&quot;:[&quot;desktop&quot;,&quot;tablet&quot;,&quot;mobile&quot;],&quot;sticky_effects_offset&quot;:0,&quot;sticky_anchor_link_offset&quot;:0}\" data-widget_type=\"progress-tracker.default\">\n\t\t\t\t<div class=\"elementor-widget-container\">\n\t\t\t\t\t\n\t\t<div class=\"elementor-scrolling-tracker elementor-scrolling-tracker-horizontal elementor-scrolling-tracker-alignment-\">\n\t\t\t\t\t\t<div class=\"current-progress\">\n\t\t\t\t\t<div class=\"current-progress-percentage\"><\/div>\n\t\t\t\t<\/div>\n\t\t\t\t<\/div>\n\t\t\t\t\t\t<\/div>\n\t\t\t\t<\/div>\n\t\t\t\t\t<\/div>\n\t\t<\/div>\n\t\t\t\t\t<\/div>\n\t\t<\/section>\n\t\t\t\t<section class=\"elementor-section elementor-top-section elementor-element elementor-element-34756351 elementor-section-full_width elementor-section-height-default elementor-section-height-default\" data-id=\"34756351\" data-element_type=\"section\" data-e-type=\"section\">\n\t\t\t\t\t\t<div class=\"elementor-container elementor-column-gap-no\">\n\t\t\t\t\t<div class=\"elementor-column elementor-col-100 elementor-top-column elementor-element elementor-element-54f927e3\" data-id=\"54f927e3\" data-element_type=\"column\" data-e-type=\"column\">\n\t\t\t<div class=\"elementor-widget-wrap elementor-element-populated\">\n\t\t\t\t\t\t<div class=\"elementor-element elementor-element-be93cb3 elementor-widget elementor-widget-progress-tracker\" data-id=\"be93cb3\" data-element_type=\"widget\" data-e-type=\"widget\" data-settings=\"{&quot;sticky&quot;:&quot;top&quot;,&quot;sticky_offset&quot;:74,&quot;sticky_offset_tablet&quot;:58,&quot;type&quot;:&quot;horizontal&quot;,&quot;relative_to&quot;:&quot;entire_page&quot;,&quot;percentage&quot;:&quot;no&quot;,&quot;sticky_on&quot;:[&quot;desktop&quot;,&quot;tablet&quot;,&quot;mobile&quot;],&quot;sticky_effects_offset&quot;:0,&quot;sticky_anchor_link_offset&quot;:0}\" data-widget_type=\"progress-tracker.default\">\n\t\t\t\t<div class=\"elementor-widget-container\">\n\t\t\t\t\t\n\t\t<div class=\"elementor-scrolling-tracker elementor-scrolling-tracker-horizontal elementor-scrolling-tracker-alignment-\">\n\t\t\t\t\t\t<div class=\"current-progress\">\n\t\t\t\t\t<div class=\"current-progress-percentage\"><\/div>\n\t\t\t\t<\/div>\n\t\t\t\t<\/div>\n\t\t\t\t\t\t<\/div>\n\t\t\t\t<\/div>\n\t\t\t\t\t<\/div>\n\t\t<\/div>\n\t\t\t\t\t<\/div>\n\t\t<\/section>\n\t\t\t\t<section class=\"elementor-section elementor-top-section elementor-element elementor-element-7d98b1ab elementor-section-full_width elementor-section-height-default elementor-section-height-default\" data-id=\"7d98b1ab\" data-element_type=\"section\" data-e-type=\"section\" data-settings=\"{&quot;background_background&quot;:&quot;classic&quot;}\">\n\t\t\t\t\t\t<div class=\"elementor-container elementor-column-gap-no\">\n\t\t\t\t\t<div class=\"elementor-column elementor-col-50 elementor-top-column elementor-element elementor-element-35d33111\" data-id=\"35d33111\" data-element_type=\"column\" data-e-type=\"column\" data-settings=\"{&quot;background_background&quot;:&quot;classic&quot;}\">\n\t\t\t<div class=\"elementor-widget-wrap elementor-element-populated\">\n\t\t\t\t\t\t<div class=\"elementor-element elementor-element-39a5ea20 elementor-widget elementor-widget-heading\" data-id=\"39a5ea20\" data-element_type=\"widget\" data-e-type=\"widget\" data-widget_type=\"heading.default\">\n\t\t\t\t<div class=\"elementor-widget-container\">\n\t\t\t\t\t<h1 class=\"elementor-heading-title elementor-size-default\">LKW-Fahrer leiden um 237 % h\u00e4ufiger unter einer gest\u00f6rten Work-Life-Balance<\/h1>\t\t\t\t<\/div>\n\t\t\t\t<\/div>\n\t\t\t\t<div class=\"elementor-element elementor-element-73905313 elementor-widget elementor-widget-text-editor\" data-id=\"73905313\" data-element_type=\"widget\" data-e-type=\"widget\" data-widget_type=\"text-editor.default\">\n\t\t\t\t<div class=\"elementor-widget-container\">\n\t\t\t\t\t\t\t\t\t<p><strong>Von Carola Kreitmayr<br \/><\/strong>18. Juli 2022 \u2022 16 Min. Lesezeit<\/p>\t\t\t\t\t\t\t\t<\/div>\n\t\t\t\t<\/div>\n\t\t\t\t<div class=\"elementor-element elementor-element-51b05c76 elementor-widget elementor-widget-text-editor\" data-id=\"51b05c76\" data-element_type=\"widget\" data-e-type=\"widget\" data-widget_type=\"text-editor.default\">\n\t\t\t\t<div class=\"elementor-widget-container\">\n\t\t\t\t\t\t\t\t\t<a href=\"https:\/\/quicargo.com\/de\/speditions-blogs\/\"><span id=\"tagbuttons\">Speditionen<\/span><\/a>\n<a href=\"https:\/\/quicargo.com\/de\/alle-blogs-de\/\"><span id=\"tagbuttons\">Alle Blogs<\/span><\/a>\n<a href=\"https:\/\/quicargo.com\/de\/presse-und-medien-blogs\/\"><span id=\"tagbuttons\">Presse &amp; Medien<\/span><\/a>\t\t\t\t\t\t\t\t<\/div>\n\t\t\t\t<\/div>\n\t\t\t\t<div class=\"elementor-element elementor-element-6243d3e8 elementor-widget elementor-widget-text-editor\" data-id=\"6243d3e8\" data-element_type=\"widget\" data-e-type=\"widget\" data-widget_type=\"text-editor.default\">\n\t\t\t\t<div class=\"elementor-widget-container\">\n\t\t\t\t\t\t\t\t\t<div class=\"bloghead\">\n<div class=\"bloghead1\">STRESS UND MENTALE ERM\u00dcDUNG IN DER LOGISTIKINDUSTRIE<\/div>\n<div class=\"bloghead2\"><img decoding=\"async\" src=\"https:\/\/quicargo.com\/wp-content\/uploads\/2022\/07\/stress-mental-fatigue-burnout.jpg\" alt=\"Stress Burnout mentale Erm\u00fcdung Logistik\" title=\"Stress Burnout mentale Erm\u00fcdung Logistik\"\/><\/div>\n<\/div>\t\t\t\t\t\t\t\t<\/div>\n\t\t\t\t<\/div>\n\t\t\t\t<div class=\"elementor-element elementor-element-338ae5ed elementor-widget elementor-widget-text-editor\" data-id=\"338ae5ed\" data-element_type=\"widget\" data-e-type=\"widget\" data-widget_type=\"text-editor.default\">\n\t\t\t\t<div class=\"elementor-widget-container\">\n\t\t\t\t\t\t\t\t\t<p><span style=\"font-weight: 400;\">In Prognosen \u00fcber die Zukunft der Logistikbranche werden h\u00e4ufig die Folgen der Automatisierung diskutiert. Obwohl sich dieser Prozess definitiv auf die Arbeitsweise dieser Branche auswirken wird, sollten weitere Herausforderungen genauso besprochen werden. Aus diesem Grund befasst sich dieser Artikel mit stressbedingten psychischen und physischen Gesundheitsproblemen in Logistik-Berufen.<\/span><\/p>\t\t\t\t\t\t\t\t<\/div>\n\t\t\t\t<\/div>\n\t\t\t\t<div class=\"elementor-element elementor-element-753b01f6 elementor-widget elementor-widget-text-editor\" data-id=\"753b01f6\" data-element_type=\"widget\" data-e-type=\"widget\" data-widget_type=\"text-editor.default\">\n\t\t\t\t<div class=\"elementor-widget-container\">\n\t\t\t\t\t\t\t\t\t<p><strong>In diesem Artikel werden wir folgendes besprechen:<\/strong><\/p><ul><li><a href=\"#digitalisierung-bedrohung-arbeitspl\u00e4tze-transport\">Ist die Digitalisierung wirklich die gr\u00f6\u00dfte Bedrohung f\u00fcr Arbeitspl\u00e4tze im Transportwesen?<\/a><\/li><li><a href=\"#gr\u00fcnde-stress-erm\u00fcdung-logistikberufe\">Gr\u00fcnde f\u00fcr arbeitsbedingten Stress und mentale Erm\u00fcdung in Logistikberufen<\/a><\/li><li><a href=\"#symptome-lkw-fahrer-mentale-erm\u00fcdung-stress\">Mit welchen Symptomen haben LKW-Fahrer haupts\u00e4chlich zu k\u00e4mpfen? <\/a><\/li><li><a href=\"#verbesserung-k\u00f6rperliche-geistige-gesundheit-logistik\">Wie k\u00f6nnen wir die k\u00f6rperliche und geistige Gesundheit von Logistikangestellten verbessern?<\/a><\/li><li><a href=\"#quellen\">Quellen<\/a><\/li><\/ul>\t\t\t\t\t\t\t\t<\/div>\n\t\t\t\t<\/div>\n\t\t\t\t<div class=\"elementor-element elementor-element-1164ba28 elementor-widget elementor-widget-heading\" data-id=\"1164ba28\" data-element_type=\"widget\" data-e-type=\"widget\" id=\"digitalisierung-bedrohung-arbeitspl\u00e4tze-transport\" data-widget_type=\"heading.default\">\n\t\t\t\t<div class=\"elementor-widget-container\">\n\t\t\t\t\t<h2 class=\"elementor-heading-title elementor-size-default\">Ist die Digitalisierung wirklich die gr\u00f6\u00dfte Bedrohung f\u00fcr Arbeitspl\u00e4tze im Transportwesen?<\/h2>\t\t\t\t<\/div>\n\t\t\t\t<\/div>\n\t\t\t\t<div class=\"elementor-element elementor-element-2e8204a2 elementor-widget elementor-widget-text-editor\" data-id=\"2e8204a2\" data-element_type=\"widget\" data-e-type=\"widget\" data-widget_type=\"text-editor.default\">\n\t\t\t\t<div class=\"elementor-widget-container\">\n\t\t\t\t\t\t\t\t\t<p><span style=\"font-weight: 400;\">Die Arbeitspl\u00e4tze in der Transportbranche sind in hohem Ma\u00dfe vom verst\u00e4rkten Einsatz von Technologie betroffen. Die Automatisierung von Prozessen wird zweifellos zu einer h\u00f6heren Nachfrage nach hochqualifizierten Arbeitskr\u00e4ften f\u00fchren, w\u00e4hrend der Bedarf an mittel- und gering qualifizierten Arbeitskr\u00e4ften sinkt. Insbesondere bei Verwaltungs- und Dienstleistungst\u00e4tigkeiten oder bei Arbeitspl\u00e4tzen im Verkehrssektor k\u00f6nnte der technologische Fortschritt daher zu einem Missverh\u00e4ltnis zwischen den nachgefragten Qualifikationen und dem tats\u00e4chlichen Arbeitsangebot f\u00fchren [1].\u00a0\u00a0<\/span><\/p><p><span style=\"font-weight: 400;\">Die Arbeitspl\u00e4tze im Transportsektor sind jedoch nicht nur von den Folgen der Digitalisierung betroffen, sondern die Daten der CBS lassen darauf schlie\u00dfen, dass viele Arbeitnehmer in dieser Branche aufgrund ihrer Arbeit ausgelaugt sind. Die CBS hat Ende 2020 eine Studie durchgef\u00fchrt, um herauszufinden, welche Jobs eine schlechte Work-Life-Balance verursachen. Von allen befragten Arbeitnehmern gaben 7,6 % an, dass sie regelm\u00e4\u00dfig ein Ungleichgewicht zwischen Arbeit und Privatem erleben. LKW-Fahrer hingegen best\u00e4tigten in 18 % der F\u00e4lle, dass sie h\u00e4ufig oder sehr h\u00e4ufig ein Ungleichgewicht zwischen Job und Privatleben versp\u00fcren. Somit berichteten LKW-Fahrer im Vergleich zum Querschnitt aller befragten Berufe 237% h\u00e4ufiger von einer Work-Life-Imbalance [2].<\/span><\/p>\t\t\t\t\t\t\t\t<\/div>\n\t\t\t\t<\/div>\n\t\t\t\t<section class=\"elementor-section elementor-inner-section elementor-element elementor-element-ddc374d elementor-section-boxed elementor-section-height-default elementor-section-height-default\" data-id=\"ddc374d\" data-element_type=\"section\" data-e-type=\"section\">\n\t\t\t\t\t\t<div class=\"elementor-container elementor-column-gap-default\">\n\t\t\t\t\t<div class=\"elementor-column elementor-col-100 elementor-inner-column elementor-element elementor-element-d357fb3\" data-id=\"d357fb3\" data-element_type=\"column\" data-e-type=\"column\">\n\t\t\t<div class=\"elementor-widget-wrap elementor-element-populated\">\n\t\t\t\t\t\t<div class=\"elementor-element elementor-element-e796d7a elementor-widget elementor-widget-image\" data-id=\"e796d7a\" data-element_type=\"widget\" data-e-type=\"widget\" data-widget_type=\"image.default\">\n\t\t\t\t<div class=\"elementor-widget-container\">\n\t\t\t\t\t\t\t\t\t\t\t\t\t\t\t<img decoding=\"async\" src=\"https:\/\/quicargo.com\/wp-content\/uploads\/2022\/07\/work-life-imbalance-LKW-Fahrer-gesamt.jpg\" title=\"work-life-imbalance LKW Fahrer-gesamt\" alt=\"work-life-imbalance LKW Fahrer-gesamt\" loading=\"lazy\" \/>\t\t\t\t\t\t\t\t\t\t\t\t\t\t\t<\/div>\n\t\t\t\t<\/div>\n\t\t\t\t\t<\/div>\n\t\t<\/div>\n\t\t\t\t\t<\/div>\n\t\t<\/section>\n\t\t\t\t<div class=\"elementor-element elementor-element-b4d5fdf elementor-widget elementor-widget-image\" data-id=\"b4d5fdf\" data-element_type=\"widget\" data-e-type=\"widget\" data-widget_type=\"image.default\">\n\t\t\t\t<div class=\"elementor-widget-container\">\n\t\t\t\t\t\t\t\t\t\t\t\t\t\t\t<img fetchpriority=\"high\" decoding=\"async\" width=\"800\" height=\"418\" src=\"https:\/\/quicargo.com\/wp-content\/uploads\/2022\/07\/work-life-imbalance-LKW-Fahrer-gesamt-1024x535.jpg\" class=\"attachment-large size-large wp-image-89166\" alt=\"\" srcset=\"https:\/\/quicargo.com\/wp-content\/uploads\/2022\/07\/work-life-imbalance-LKW-Fahrer-gesamt-1024x535.jpg 1024w, https:\/\/quicargo.com\/wp-content\/uploads\/2022\/07\/work-life-imbalance-LKW-Fahrer-gesamt-300x157.jpg 300w, https:\/\/quicargo.com\/wp-content\/uploads\/2022\/07\/work-life-imbalance-LKW-Fahrer-gesamt-768x401.jpg 768w, https:\/\/quicargo.com\/wp-content\/uploads\/2022\/07\/work-life-imbalance-LKW-Fahrer-gesamt.jpg 1200w\" sizes=\"(max-width: 800px) 100vw, 800px\" \/>\t\t\t\t\t\t\t\t\t\t\t\t\t\t\t<\/div>\n\t\t\t\t<\/div>\n\t\t\t\t<div class=\"elementor-element elementor-element-94ea0ce elementor-widget elementor-widget-text-editor\" data-id=\"94ea0ce\" data-element_type=\"widget\" data-e-type=\"widget\" data-widget_type=\"text-editor.default\">\n\t\t\t\t<div class=\"elementor-widget-container\">\n\t\t\t\t\t\t\t\t\t<p><span style=\"font-weight: 400;\">Diese Zahlen werden durch eine andere Studie zum Thema mentale Erm\u00fcdung (mental fatigue) in verschiedenen Berufen best\u00e4tigt. Im Jahr 2020 gaben 16 % aller Arbeitnehmer an, dass sie mehrmals im Monat oder h\u00e4ufig aufgrund ihrer Arbeit Gef\u00fchle der Ersch\u00f6pfung und Erm\u00fcdung haben. <\/span><span style=\"font-weight: 400;\">Mit einem Anteil von 11 % ausgebrannter Arbeitnehmer geh\u00f6rte die Transport- und Logistikbranche zu den zw\u00f6lf Berufen mit dem h\u00f6chsten Grad an mentaler Erm\u00fcdung, die in der gemeinsamen Studie von CBS und TNO [3] untersucht wurden. <\/span><\/p><p><span style=\"font-weight: 400;\">Mit Blick auf die Zukunft werden Stress und Ersch\u00f6pfung am Arbeitsplatz zu einer h\u00f6heren Fluktuationsrate f\u00fchren [4]. Die Sorge Arbeitssuchender, aufgrund der Automatisierung keinen Job in der Logistikindustrie zu bekommen, kann sich demnach umkehren, sodass die Unternehmen sich vielmehr Sorgen machen m\u00fcssen, keine Arbeitskr\u00e4fte zu finden.<\/span><\/p>\t\t\t\t\t\t\t\t<\/div>\n\t\t\t\t<\/div>\n\t\t\t\t<section class=\"elementor-section elementor-inner-section elementor-element elementor-element-9e2f520 elementor-section-boxed elementor-section-height-default elementor-section-height-default\" data-id=\"9e2f520\" data-element_type=\"section\" data-e-type=\"section\">\n\t\t\t\t\t\t<div class=\"elementor-container elementor-column-gap-default\">\n\t\t\t\t\t<div class=\"elementor-column elementor-col-100 elementor-inner-column elementor-element elementor-element-0ce184f\" data-id=\"0ce184f\" data-element_type=\"column\" data-e-type=\"column\">\n\t\t\t<div class=\"elementor-widget-wrap elementor-element-populated\">\n\t\t\t\t\t\t<div class=\"elementor-element elementor-element-65b6648 elementor-widget elementor-widget-image\" data-id=\"65b6648\" data-element_type=\"widget\" data-e-type=\"widget\" data-widget_type=\"image.default\">\n\t\t\t\t<div class=\"elementor-widget-container\">\n\t\t\t\t\t\t\t\t\t\t\t\t\t\t\t<img decoding=\"async\" src=\"https:\/\/quicargo.com\/wp-content\/uploads\/2022\/07\/work-life-imbalance-mentale-Ermudung.jpg\" title=\"work-life-imbalance mentale Erm\u00fcdung\" alt=\"work-life-imbalance mentale Erm\u00fcdung\" loading=\"lazy\" \/>\t\t\t\t\t\t\t\t\t\t\t\t\t\t\t<\/div>\n\t\t\t\t<\/div>\n\t\t\t\t\t<\/div>\n\t\t<\/div>\n\t\t\t\t\t<\/div>\n\t\t<\/section>\n\t\t\t\t<div class=\"elementor-element elementor-element-b02543b elementor-widget elementor-widget-image\" data-id=\"b02543b\" data-element_type=\"widget\" data-e-type=\"widget\" data-widget_type=\"image.default\">\n\t\t\t\t<div class=\"elementor-widget-container\">\n\t\t\t\t\t\t\t\t\t\t\t\t\t\t\t<img decoding=\"async\" width=\"800\" height=\"418\" src=\"https:\/\/quicargo.com\/wp-content\/uploads\/2022\/07\/work-life-imbalance-mentale-Ermudung-1024x535.jpg\" class=\"attachment-large size-large wp-image-89170\" alt=\"\" srcset=\"https:\/\/quicargo.com\/wp-content\/uploads\/2022\/07\/work-life-imbalance-mentale-Ermudung-1024x535.jpg 1024w, https:\/\/quicargo.com\/wp-content\/uploads\/2022\/07\/work-life-imbalance-mentale-Ermudung-300x157.jpg 300w, https:\/\/quicargo.com\/wp-content\/uploads\/2022\/07\/work-life-imbalance-mentale-Ermudung-768x401.jpg 768w, https:\/\/quicargo.com\/wp-content\/uploads\/2022\/07\/work-life-imbalance-mentale-Ermudung.jpg 1200w\" sizes=\"(max-width: 800px) 100vw, 800px\" \/>\t\t\t\t\t\t\t\t\t\t\t\t\t\t\t<\/div>\n\t\t\t\t<\/div>\n\t\t\t\t<div class=\"elementor-element elementor-element-4f24e53 elementor-widget elementor-widget-heading\" data-id=\"4f24e53\" data-element_type=\"widget\" data-e-type=\"widget\" id=\"gr\u00fcnde-stress-erm\u00fcdung-logistikberufe\" data-widget_type=\"heading.default\">\n\t\t\t\t<div class=\"elementor-widget-container\">\n\t\t\t\t\t<h2 class=\"elementor-heading-title elementor-size-default\">Gr\u00fcnde f\u00fcr arbeitsbedingten Stress und mentale Erm\u00fcdung in Logistikberufen\n<\/h2>\t\t\t\t<\/div>\n\t\t\t\t<\/div>\n\t\t\t\t<div class=\"elementor-element elementor-element-a393769 elementor-widget elementor-widget-text-editor\" data-id=\"a393769\" data-element_type=\"widget\" data-e-type=\"widget\" data-widget_type=\"text-editor.default\">\n\t\t\t\t<div class=\"elementor-widget-container\">\n\t\t\t\t\t\t\t\t\t<p><span style=\"font-weight: 400;\">In den meisten F\u00e4llen wird arbeitsbedingter Stress durch eine Kombination verschiedener Faktoren verursacht, weshalb eine vollst\u00e4ndige Erfassung der Gr\u00fcnde f\u00fcr Arbeitnehmerstress nicht erfolgen kann. Dennoch gibt es branchenspezifische Faktoren, die h\u00e4ufig zu den Hauptstressoren geh\u00f6ren.<\/span><\/p><p><span style=\"font-weight: 400;\">Eine empirische Untersuchung, die in t\u00fcrkischen Logistikunternehmen durchgef\u00fchrt wurde, l\u00e4sst vermuten, dass 20 % der Unterschiede in der Zufriedenheit der Mitarbeiter auf die empfundene Arbeitsplatzunsicherheit und den Stress zur\u00fcckzuf\u00fchren sind. Der Begriff Arbeitsplatzunsicherheit umrei\u00dft den Druck, der sich aus einer wahrgenommenen Diskrepanz zwischen dem gew\u00fcnschten und dem tats\u00e4chlichen Niveau der Arbeitsplatzsicherheit ergibt [5]. Aufgrund der hohen Dynamik und des starken Wettbewerbs in der Logistikbranche wird es f\u00fcr Unternehmen immer schwieriger, ihren Mitarbeitenden ein hohes Ma\u00df an Arbeitsplatzsicherheit zu bieten. Die Ursachen f\u00fcr Stress k\u00f6nnen sehr vielf\u00e4ltig sein und umfassen unter anderem einen geringen Kompetenzumfang und Zeitdruck, der oft mit langen Arbeitszeiten und Wochenendarbeit einhergeht [6].<\/span><\/p><p><span style=\"font-weight: 400;\">Der Zeitdruck wird durch die Erwartung, dass Bestellungen immer fr\u00fcher eintreffen, weiter erh\u00f6ht. Hinzu kommt, dass viele Unternehmen nach dem Just-in-Time Prinzip arbeiten, um Kosten zu senken und die Effizienz zu steigern, wodurch LKW-Fahrer dazu gezwungen sind, sich trotz des oft unvorhersehbaren Verkehrsaufkommens an strenge Zeitpl\u00e4ne zu halten. <\/span><\/p>\t\t\t\t\t\t\t\t<\/div>\n\t\t\t\t<\/div>\n\t\t\t\t<div class=\"elementor-element elementor-element-480dceeb elementor-widget elementor-widget-text-editor\" data-id=\"480dceeb\" data-element_type=\"widget\" data-e-type=\"widget\" data-widget_type=\"text-editor.default\">\n\t\t\t\t<div class=\"elementor-widget-container\">\n\t\t\t\t\t\t\t\t\t<p>Lesen Sie auch: <a href=\"https:\/\/quicargo.com\/reducing-transportation-problems\/\">Transportation problems and delays &#8211; How can AI help?<\/a><\/p>\t\t\t\t\t\t\t\t<\/div>\n\t\t\t\t<\/div>\n\t\t\t\t<div class=\"elementor-element elementor-element-81ede1e elementor-widget elementor-widget-text-editor\" data-id=\"81ede1e\" data-element_type=\"widget\" data-e-type=\"widget\" data-widget_type=\"text-editor.default\">\n\t\t\t\t<div class=\"elementor-widget-container\">\n\t\t\t\t\t\t\t\t\t<p><span style=\"font-weight: 400;\">Ein geringer Kompetenzumfang, also die t\u00e4gliche Anwendung einer geringen Anzahl von Fertigkeiten im Beruf, f\u00fchrt an sich nicht zu Stress und mentaler Erm\u00fcdung. Die Kombination mit hohen k\u00f6rperlichen und geistigen Anforderungen und einer geringen Entscheidungskompetenz erh\u00f6ht jedoch die psychische Belastung. All diese Faktoren haben eine gewisse Relevanz f\u00fcr LKW-Fahrer, weshalb angenommen werden kann, dass mit dieser T\u00e4tigkeit ein hohes Ma\u00df an psychischer Belastung verbunden ist.\u00a0<\/span><\/p><p><span style=\"font-weight: 400;\">K\u00f6rperliche \u00dcberanstrengung kann die Besch\u00e4ftigten zus\u00e4tzlich belasten, was sich auch auf die geistigen F\u00e4higkeiten auswirkt. Lange Fahrten auf dem LKW-Sitz mit wenigen Pausen, Arbeiten unter schwierigen Wetterbedingungen und in der K\u00e4lte oder auch L\u00e4rm stellen eine st\u00e4ndige Stressquelle dar. Dar\u00fcber hinaus kann Schichtarbeit, die oft au\u00dferhalb der regul\u00e4ren Gesch\u00e4ftszeiten stattfindet, zu Schlafmangel f\u00fchren &#8211; ein Ph\u00e4nomen, das sowohl physische als auch psychische Folgen haben kann.<\/span><\/p><p><span style=\"font-weight: 400;\">Die nachstehende Infografik gibt einen \u00dcberblick \u00fcber viele m\u00f6gliche Faktoren, die zu arbeitsbedingtem Stress und psychischer Erm\u00fcdung in Logistikberufen f\u00fchren k\u00f6nnen.<\/span><\/p>\t\t\t\t\t\t\t\t<\/div>\n\t\t\t\t<\/div>\n\t\t\t\t<section class=\"elementor-section elementor-inner-section elementor-element elementor-element-66f8471 elementor-section-boxed elementor-section-height-default elementor-section-height-default\" data-id=\"66f8471\" data-element_type=\"section\" data-e-type=\"section\">\n\t\t\t\t\t\t<div class=\"elementor-container elementor-column-gap-default\">\n\t\t\t\t\t<div class=\"elementor-column elementor-col-100 elementor-inner-column elementor-element elementor-element-04cdc5e\" data-id=\"04cdc5e\" data-element_type=\"column\" data-e-type=\"column\">\n\t\t\t<div class=\"elementor-widget-wrap elementor-element-populated\">\n\t\t\t\t\t\t<div class=\"elementor-element elementor-element-2b3a291 elementor-widget elementor-widget-image\" data-id=\"2b3a291\" data-element_type=\"widget\" data-e-type=\"widget\" data-widget_type=\"image.default\">\n\t\t\t\t<div class=\"elementor-widget-container\">\n\t\t\t\t\t\t\t\t\t\t\t\t\t\t\t<img decoding=\"async\" src=\"https:\/\/quicargo.com\/wp-content\/uploads\/2022\/07\/work-life-imbalance-grunde-stress.jpg\" title=\"work-life-imbalance gr\u00fcnde stress\" alt=\"work-life-imbalance gr\u00fcnde stress\" loading=\"lazy\" \/>\t\t\t\t\t\t\t\t\t\t\t\t\t\t\t<\/div>\n\t\t\t\t<\/div>\n\t\t\t\t\t<\/div>\n\t\t<\/div>\n\t\t\t\t\t<\/div>\n\t\t<\/section>\n\t\t\t\t<div class=\"elementor-element elementor-element-292013f elementor-widget elementor-widget-image\" data-id=\"292013f\" data-element_type=\"widget\" data-e-type=\"widget\" data-widget_type=\"image.default\">\n\t\t\t\t<div class=\"elementor-widget-container\">\n\t\t\t\t\t\t\t\t\t\t\t\t\t\t\t<img decoding=\"async\" width=\"800\" height=\"418\" src=\"https:\/\/quicargo.com\/wp-content\/uploads\/2022\/07\/work-life-imbalance-grunde-stress-1024x535.jpg\" class=\"attachment-large size-large wp-image-89162\" alt=\"\" srcset=\"https:\/\/quicargo.com\/wp-content\/uploads\/2022\/07\/work-life-imbalance-grunde-stress-1024x535.jpg 1024w, https:\/\/quicargo.com\/wp-content\/uploads\/2022\/07\/work-life-imbalance-grunde-stress-300x157.jpg 300w, https:\/\/quicargo.com\/wp-content\/uploads\/2022\/07\/work-life-imbalance-grunde-stress-768x401.jpg 768w, https:\/\/quicargo.com\/wp-content\/uploads\/2022\/07\/work-life-imbalance-grunde-stress.jpg 1200w\" sizes=\"(max-width: 800px) 100vw, 800px\" \/>\t\t\t\t\t\t\t\t\t\t\t\t\t\t\t<\/div>\n\t\t\t\t<\/div>\n\t\t\t\t<div class=\"elementor-element elementor-element-67a9c0e elementor-widget elementor-widget-heading\" data-id=\"67a9c0e\" data-element_type=\"widget\" data-e-type=\"widget\" id=\"symptome-lkw-fahrer-mentale-erm\u00fcdung-stress\" data-widget_type=\"heading.default\">\n\t\t\t\t<div class=\"elementor-widget-container\">\n\t\t\t\t\t<h2 class=\"elementor-heading-title elementor-size-default\">Mit welchen Symptomen haben LKW-Fahrer haupts\u00e4chlich zu k\u00e4mpfen? <\/h2>\t\t\t\t<\/div>\n\t\t\t\t<\/div>\n\t\t\t\t<div class=\"elementor-element elementor-element-05c4bae elementor-widget elementor-widget-text-editor\" data-id=\"05c4bae\" data-element_type=\"widget\" data-e-type=\"widget\" data-widget_type=\"text-editor.default\">\n\t\t\t\t<div class=\"elementor-widget-container\">\n\t\t\t\t\t\t\t\t\t<p><span style=\"font-weight: 400;\">Ein Ungleichgewicht zwischen Arbeit und Privatleben kann zu einer Verschlechterung der k\u00f6rperlichen und geistigen Gesundheit f\u00fchren. Dies beeintr\u00e4chtigt nicht nur die betroffenen Personen selbst, sondern f\u00fchrt auch zu einer h\u00f6heren Fluktuation und Fehlzeiten, was sich demotivierend auf die Kollegen und das Unternehmen im Allgemeinen auswirkt. <\/span><\/p><p><span style=\"font-weight: 400;\">Dar\u00fcber hinaus k\u00f6nnen mentale Erm\u00fcdung und andere Formen k\u00f6rperlichen und geistigen Unwohlseins Auswirkungen auf die Sicherheit haben, wie beispielsweise eine h\u00f6here Rate von Verkehrsunf\u00e4llen aufgrund mangelnder Aufmerksamkeit. Die folgende Infografik zeigt die h\u00e4ufigsten Gesundheitsbeschwerden von Berufskraftfahrern [4].<\/span><\/p>\t\t\t\t\t\t\t\t<\/div>\n\t\t\t\t<\/div>\n\t\t\t\t<section class=\"elementor-section elementor-inner-section elementor-element elementor-element-cffadd6 elementor-section-boxed elementor-section-height-default elementor-section-height-default\" data-id=\"cffadd6\" data-element_type=\"section\" data-e-type=\"section\">\n\t\t\t\t\t\t<div class=\"elementor-container elementor-column-gap-default\">\n\t\t\t\t\t<div class=\"elementor-column elementor-col-100 elementor-inner-column elementor-element elementor-element-ef87d5c\" data-id=\"ef87d5c\" data-element_type=\"column\" data-e-type=\"column\">\n\t\t\t<div class=\"elementor-widget-wrap elementor-element-populated\">\n\t\t\t\t\t\t<div class=\"elementor-element elementor-element-b0fd41b elementor-widget elementor-widget-image\" data-id=\"b0fd41b\" data-element_type=\"widget\" data-e-type=\"widget\" data-widget_type=\"image.default\">\n\t\t\t\t<div class=\"elementor-widget-container\">\n\t\t\t\t\t\t\t\t\t\t\t\t\t\t\t<img decoding=\"async\" src=\"https:\/\/quicargo.com\/wp-content\/uploads\/2022\/07\/work-life-imbalance-symptome-stress.jpg\" title=\"work-life-imbalance symptome stress\" alt=\"work-life-imbalance symptome stress\" loading=\"lazy\" \/>\t\t\t\t\t\t\t\t\t\t\t\t\t\t\t<\/div>\n\t\t\t\t<\/div>\n\t\t\t\t\t<\/div>\n\t\t<\/div>\n\t\t\t\t\t<\/div>\n\t\t<\/section>\n\t\t\t\t<div class=\"elementor-element elementor-element-a5a4b88 elementor-widget elementor-widget-image\" data-id=\"a5a4b88\" data-element_type=\"widget\" data-e-type=\"widget\" data-widget_type=\"image.default\">\n\t\t\t\t<div class=\"elementor-widget-container\">\n\t\t\t\t\t\t\t\t\t\t\t\t\t\t\t<img loading=\"lazy\" decoding=\"async\" width=\"800\" height=\"418\" src=\"https:\/\/quicargo.com\/wp-content\/uploads\/2022\/07\/work-life-imbalance-symptome-stress-1024x535.jpg\" class=\"attachment-large size-large wp-image-89174\" alt=\"\" srcset=\"https:\/\/quicargo.com\/wp-content\/uploads\/2022\/07\/work-life-imbalance-symptome-stress-1024x535.jpg 1024w, https:\/\/quicargo.com\/wp-content\/uploads\/2022\/07\/work-life-imbalance-symptome-stress-300x157.jpg 300w, https:\/\/quicargo.com\/wp-content\/uploads\/2022\/07\/work-life-imbalance-symptome-stress-768x401.jpg 768w, https:\/\/quicargo.com\/wp-content\/uploads\/2022\/07\/work-life-imbalance-symptome-stress.jpg 1200w\" sizes=\"(max-width: 800px) 100vw, 800px\" \/>\t\t\t\t\t\t\t\t\t\t\t\t\t\t\t<\/div>\n\t\t\t\t<\/div>\n\t\t\t\t<div class=\"elementor-element elementor-element-dc61458 elementor-widget elementor-widget-heading\" data-id=\"dc61458\" data-element_type=\"widget\" data-e-type=\"widget\" id=\"verbesserung-k\u00f6rperliche-geistige-gesundheit-logistik\" data-widget_type=\"heading.default\">\n\t\t\t\t<div class=\"elementor-widget-container\">\n\t\t\t\t\t<h2 class=\"elementor-heading-title elementor-size-default\">Wie k\u00f6nnen wir die k\u00f6rperliche und geistige Gesundheit von Logistikangestellten verbessern?<\/h2>\t\t\t\t<\/div>\n\t\t\t\t<\/div>\n\t\t\t\t<div class=\"elementor-element elementor-element-e54cce6 elementor-widget elementor-widget-text-editor\" data-id=\"e54cce6\" data-element_type=\"widget\" data-e-type=\"widget\" data-widget_type=\"text-editor.default\">\n\t\t\t\t<div class=\"elementor-widget-container\">\n\t\t\t\t\t\t\t\t\t<p><span style=\"font-weight: 400;\">Um die Arbeitsbedingungen und damit die physische und psychische Gesundheit von Logistikmitarbeitenden zu verbessern, m\u00fcssen mehr Forschungsarbeiten durchgef\u00fchrt werden, die sich mit den Herausforderungen der Arbeit in Logistikberufen befassen. Aus den vorhandenen Daten k\u00f6nnen jedoch einige Schlussfolgerungen gezogen werden. Die psychische Belastung, die aus dem Zeitdruck und dem wachsenden Tempo der Logistikprozesse resultiert, muss adressiert werden. <\/span><\/p><p><span style=\"font-weight: 400;\">Alle Prozesse, an denen menschliche Arbeitskraft beteiligt ist, erfordern Ausgleichszeiten f\u00fcr unvorhersehbare Ereignisse, wie z. B. Verkehrsstaus. Nicht nur Unternehmen, sondern auch Verbraucher k\u00f6nnen diesen Prozess unterst\u00fctzen, indem sie zum Beispiel l\u00e4ngere Vorlaufzeiten f\u00fcr Lieferungen einplanen. Wo immer es m\u00f6glich ist, sollten Unternehmen ihren Mitarbeitenden die M\u00f6glichkeit geben, flexible Arbeitsbedingungen zu nutzen, z. B. durch Fernarbeit oder Gleitzeit.<\/span><\/p><p><span style=\"font-weight: 400;\">Wenn es den Unternehmen gelingt, ihren Besch\u00e4ftigten ein h\u00f6heres Ma\u00df an Arbeitsplatzsicherheit zu bieten, erh\u00f6ht sich nicht nur die Arbeitsplatzzufriedenheit auf Seiten der Besch\u00e4ftigten, sondern auch die Produktivit\u00e4t und der allgemeine Ruf des Unternehmens. Die ergonomischen Bedingungen der LKWs sollten bestm\u00f6glich konzipiert werden, um die Fahrzeiten f\u00fcr die LKW-Fahrer angenehmer zu gestalten. <\/span><\/p><p><span style=\"font-weight: 400;\">Vor allem aber sollte die soziale Unterst\u00fctzung durch Kollegen und Manager verbessert und eine offene Kommunikation gef\u00f6rdert werden. Dies erm\u00f6glicht es den F\u00fchrungskr\u00e4ften, auf die Umst\u00e4nde und W\u00fcnsche jedes einzelnen Besch\u00e4ftigten einzugehen, da die Herausforderungen und gesundheitlichen Bedenken bei jeder Person unterschiedlich sind.<\/span><\/p>\t\t\t\t\t\t\t\t<\/div>\n\t\t\t\t<\/div>\n\t\t\t\t<div class=\"elementor-element elementor-element-bc7c59d elementor-widget elementor-widget-heading\" data-id=\"bc7c59d\" data-element_type=\"widget\" data-e-type=\"widget\" id=\"quellen\" data-widget_type=\"heading.default\">\n\t\t\t\t<div class=\"elementor-widget-container\">\n\t\t\t\t\t<h2 class=\"elementor-heading-title elementor-size-default\">Quellen<\/h2>\t\t\t\t<\/div>\n\t\t\t\t<\/div>\n\t\t\t\t<div class=\"elementor-element elementor-element-e4d65d6 elementor-widget elementor-widget-text-editor\" data-id=\"e4d65d6\" data-element_type=\"widget\" data-e-type=\"widget\" data-widget_type=\"text-editor.default\">\n\t\t\t\t<div class=\"elementor-widget-container\">\n\t\t\t\t\t\t\t\t\t<p><span style=\"font-weight: 400;\">[1] OECD. (2021). <\/span><i><span style=\"font-weight: 400;\">2021 Economic Survey of the Netherlands<\/span><\/i><span style=\"font-weight: 400;\">. Zuletzt aufgerufen am 17.06.2022, von <\/span><a href=\"https:\/\/www.oecd.org\/economy\/surveys\/Netherlands-2021-OECD-economic-survey-overview.pdf\"><span style=\"font-weight: 400;\">https:\/\/www.oecd.org\/economy\/surveys\/Netherlands-2021-OECD-economic-survey-overview.pdf<\/span><\/a><span style=\"font-weight: 400;\">\u00a0<\/span><\/p><p><span style=\"font-weight: 400;\">[2] CBS. (2021). <\/span><i><span style=\"font-weight: 400;\">Which jobs often cause a poor work-life balance?<\/span><\/i><span style=\"font-weight: 400;\">. Zuletzt aufgerufen am 17.06.2022, von <\/span><a href=\"https:\/\/longreads.cbs.nl\/the-netherlands-in-numbers-2021\/which-jobs-often-cause-a-poor-work-life-balance\/\"><span style=\"font-weight: 400;\">https:\/\/longreads.cbs.nl\/the-netherlands-in-numbers-2021\/which-jobs-often-cause-a-poor-work-life-balance\/<\/span><\/a><span style=\"font-weight: 400;\">\u00a0<\/span><\/p><p><span style=\"font-weight: 400;\">[3] CBS. (2021). <\/span><i><span style=\"font-weight: 400;\">Which jobs have the highest levels of mental fatigue?<\/span><\/i><span style=\"font-weight: 400;\">. Zuletzt aufgerufen am 17.06.2022, von <\/span><a href=\"https:\/\/longreads.cbs.nl\/the-netherlands-in-numbers-2021\/which-jobs-have-the-highest-levels-of-mental-fatigue\/\"><span style=\"font-weight: 400;\">https:\/\/longreads.cbs.nl\/the-netherlands-in-numbers-2021\/which-jobs-have-the-highest-levels-of-mental-fatigue\/<\/span><\/a><span style=\"font-weight: 400;\">\u00a0<\/span><\/p><p><span style=\"font-weight: 400;\">[4] Useche S.A., Cendales B., Montoro L. &amp; Esteban C. (2018). Work stress and health problems of professional drivers: a hazardous formula for their safety outcomes. <\/span><a href=\"https:\/\/doi.org\/10.7717\/peerj.6249\"><span style=\"font-weight: 400;\">https:\/\/doi.org\/10.7717\/peerj.6249<\/span><\/a><\/p><p><span style=\"font-weight: 400;\">[5] Ya\u015fl\u0131o\u011flu, M., Karag\u00fclle, A.\u00d6. &amp; Baran, M. (2013). An Empirical Research on the Relationship between Job Insecurity, Job Related Stress and Job Satisfaction in Logistics Industry. <\/span><i><span style=\"font-weight: 400;\">Procedia &#8211; Social and Behavioral Sciences, 99 <\/span><\/i><span style=\"font-weight: 400;\">(1), 332-338.<\/span><\/p><p><span style=\"font-weight: 400;\">[6] Useche S.A., Montoro L., Alonso F. &amp; Pastor J.C. (2019). <\/span><i><span style=\"font-weight: 400;\">Psychosocial Work Factors, Job Stress and Strain at the Wheel: Validation of the Copenhagen Psychosocial Questionnaire (COPSOQ) in Professional Drivers<\/span><\/i><span style=\"font-weight: 400;\">. Zuletzt aufgerufen am 20.06.2022, von <\/span><a href=\"https:\/\/www.frontiersin.org\/articles\/10.3389\/fpsyg.2019.01531\/full\"><span style=\"font-weight: 400;\">https:\/\/www.frontiersin.org\/articles\/10.3389\/fpsyg.2019.01531\/full<\/span><\/a> <\/p><p>\u00a0<\/p>\t\t\t\t\t\t\t\t<\/div>\n\t\t\t\t<\/div>\n\t\t\t\t<div class=\"elementor-element elementor-element-7c5f7816 elementor-widget elementor-widget-html\" data-id=\"7c5f7816\" data-element_type=\"widget\" data-e-type=\"widget\" data-widget_type=\"html.default\">\n\t\t\t\t<div class=\"elementor-widget-container\">\n\t\t\t\t\t<hr><br>\n\n<p style=\"font-size:20px; font-weight:600;\">Bereit, sich der neuen Generation von Transportplanern anzuschlie\u00dfen? Erstellen Sie Ihr kostenloses Konto - ganz ohne Kreditkarte.<\/p>\n\n<a href=\"https:\/\/app.quicargo.com\/#\/en\/signup-shipper\"><p><span id=\"blogcta\">Jetzt versenden<\/span><\/p><\/a>\n\n<p><span id=\"greentick\">\u2713<\/span> 20.000+ Aktive Nutzer &nbsp;&nbsp; &nbsp;<span id=\"greentick\">\u2713<\/span> 30% der Kosten sparen &nbsp;&nbsp; &nbsp;<span id=\"greentick\">\u2713<\/span> 100% Online<\/p>\n<br>\n<hr>\t\t\t\t<\/div>\n\t\t\t\t<\/div>\n\t\t\t\t<div class=\"elementor-element elementor-element-4bdc84bc elementor-widget elementor-widget-heading\" data-id=\"4bdc84bc\" data-element_type=\"widget\" data-e-type=\"widget\" data-widget_type=\"heading.default\">\n\t\t\t\t<div class=\"elementor-widget-container\">\n\t\t\t\t\t<h3 class=\"elementor-heading-title elementor-size-default\">Teilen Sie den Blog mit Ihrem Netzwerk!<\/h3>\t\t\t\t<\/div>\n\t\t\t\t<\/div>\n\t\t\t\t<div class=\"elementor-element elementor-element-12b0bf4 elementor-share-buttons--shape-rounded elementor-grid-mobile-0 elementor-share-buttons--align-center elementor-share-buttons-mobile--align-center elementor-share-buttons--view-icon-text elementor-share-buttons--skin-gradient elementor-grid-0 elementor-share-buttons--color-official elementor-widget elementor-widget-share-buttons\" data-id=\"12b0bf4\" data-element_type=\"widget\" data-e-type=\"widget\" data-widget_type=\"share-buttons.default\">\n\t\t\t\t<div class=\"elementor-widget-container\">\n\t\t\t\t\t\t\t<div class=\"elementor-grid\">\n\t\t\t\t\t\t\t\t<div class=\"elementor-grid-item\">\n\t\t\t\t\t\t<div\n\t\t\t\t\t\t\tclass=\"elementor-share-btn elementor-share-btn_facebook\"\n\t\t\t\t\t\t\trole=\"button\"\n\t\t\t\t\t\t\ttabindex=\"0\"\n\t\t\t\t\t\t\taria-label=\"Teilen auf facebook\"\n\t\t\t\t\t\t>\n\t\t\t\t\t\t\t\t\t\t\t\t\t\t\t<span class=\"elementor-share-btn__icon\">\n\t\t\t\t\t\t\t\t<svg class=\"e-font-icon-svg e-fab-facebook\" viewBox=\"0 0 512 512\" xmlns=\"http:\/\/www.w3.org\/2000\/svg\"><path d=\"M504 256C504 119 393 8 256 8S8 119 8 256c0 123.78 90.69 226.38 209.25 245V327.69h-63V256h63v-54.64c0-62.15 37-96.48 93.67-96.48 27.14 0 55.52 4.84 55.52 4.84v61h-31.28c-30.8 0-40.41 19.12-40.41 38.73V256h68.78l-11 71.69h-57.78V501C413.31 482.38 504 379.78 504 256z\"><\/path><\/svg>\t\t\t\t\t\t\t<\/span>\n\t\t\t\t\t\t\t\t\t\t\t\t\t\t\t\t\t\t\t\t\t\t<div class=\"elementor-share-btn__text\">\n\t\t\t\t\t\t\t\t\t\t\t\t\t\t\t\t\t\t\t<span class=\"elementor-share-btn__title\">\n\t\t\t\t\t\t\t\t\t\tFacebook\t\t\t\t\t\t\t\t\t<\/span>\n\t\t\t\t\t\t\t\t\t\t\t\t\t\t\t\t\t<\/div>\n\t\t\t\t\t\t\t\t\t\t\t\t\t<\/div>\n\t\t\t\t\t<\/div>\n\t\t\t\t\t\t\t\t\t<div class=\"elementor-grid-item\">\n\t\t\t\t\t\t<div\n\t\t\t\t\t\t\tclass=\"elementor-share-btn elementor-share-btn_pinterest\"\n\t\t\t\t\t\t\trole=\"button\"\n\t\t\t\t\t\t\ttabindex=\"0\"\n\t\t\t\t\t\t\taria-label=\"Teilen auf pinterest\"\n\t\t\t\t\t\t>\n\t\t\t\t\t\t\t\t\t\t\t\t\t\t\t<span class=\"elementor-share-btn__icon\">\n\t\t\t\t\t\t\t\t<svg class=\"e-font-icon-svg e-fab-pinterest\" viewBox=\"0 0 496 512\" xmlns=\"http:\/\/www.w3.org\/2000\/svg\"><path d=\"M496 256c0 137-111 248-248 248-25.6 0-50.2-3.9-73.4-11.1 10.1-16.5 25.2-43.5 30.8-65 3-11.6 15.4-59 15.4-59 8.1 15.4 31.7 28.5 56.8 28.5 74.8 0 128.7-68.8 128.7-154.3 0-81.9-66.9-143.2-152.9-143.2-107 0-163.9 71.8-163.9 150.1 0 36.4 19.4 81.7 50.3 96.1 4.7 2.2 7.2 1.2 8.3-3.3.8-3.4 5-20.3 6.9-28.1.6-2.5.3-4.7-1.7-7.1-10.1-12.5-18.3-35.3-18.3-56.6 0-54.7 41.4-107.6 112-107.6 60.9 0 103.6 41.5 103.6 100.9 0 67.1-33.9 113.6-78 113.6-24.3 0-42.6-20.1-36.7-44.8 7-29.5 20.5-61.3 20.5-82.6 0-19-10.2-34.9-31.4-34.9-24.9 0-44.9 25.7-44.9 60.2 0 22 7.4 36.8 7.4 36.8s-24.5 103.8-29 123.2c-5 21.4-3 51.6-.9 71.2C65.4 450.9 0 361.1 0 256 0 119 111 8 248 8s248 111 248 248z\"><\/path><\/svg>\t\t\t\t\t\t\t<\/span>\n\t\t\t\t\t\t\t\t\t\t\t\t\t\t\t\t\t\t\t\t\t\t<div class=\"elementor-share-btn__text\">\n\t\t\t\t\t\t\t\t\t\t\t\t\t\t\t\t\t\t\t<span class=\"elementor-share-btn__title\">\n\t\t\t\t\t\t\t\t\t\tPinterest\t\t\t\t\t\t\t\t\t<\/span>\n\t\t\t\t\t\t\t\t\t\t\t\t\t\t\t\t\t<\/div>\n\t\t\t\t\t\t\t\t\t\t\t\t\t<\/div>\n\t\t\t\t\t<\/div>\n\t\t\t\t\t\t\t\t\t<div class=\"elementor-grid-item\">\n\t\t\t\t\t\t<div\n\t\t\t\t\t\t\tclass=\"elementor-share-btn elementor-share-btn_linkedin\"\n\t\t\t\t\t\t\trole=\"button\"\n\t\t\t\t\t\t\ttabindex=\"0\"\n\t\t\t\t\t\t\taria-label=\"Teilen auf linkedin\"\n\t\t\t\t\t\t>\n\t\t\t\t\t\t\t\t\t\t\t\t\t\t\t<span class=\"elementor-share-btn__icon\">\n\t\t\t\t\t\t\t\t<svg class=\"e-font-icon-svg e-fab-linkedin\" viewBox=\"0 0 448 512\" xmlns=\"http:\/\/www.w3.org\/2000\/svg\"><path d=\"M416 32H31.9C14.3 32 0 46.5 0 64.3v383.4C0 465.5 14.3 480 31.9 480H416c17.6 0 32-14.5 32-32.3V64.3c0-17.8-14.4-32.3-32-32.3zM135.4 416H69V202.2h66.5V416zm-33.2-243c-21.3 0-38.5-17.3-38.5-38.5S80.9 96 102.2 96c21.2 0 38.5 17.3 38.5 38.5 0 21.3-17.2 38.5-38.5 38.5zm282.1 243h-66.4V312c0-24.8-.5-56.7-34.5-56.7-34.6 0-39.9 27-39.9 54.9V416h-66.4V202.2h63.7v29.2h.9c8.9-16.8 30.6-34.5 62.9-34.5 67.2 0 79.7 44.3 79.7 101.9V416z\"><\/path><\/svg>\t\t\t\t\t\t\t<\/span>\n\t\t\t\t\t\t\t\t\t\t\t\t\t\t\t\t\t\t\t\t\t\t<div class=\"elementor-share-btn__text\">\n\t\t\t\t\t\t\t\t\t\t\t\t\t\t\t\t\t\t\t<span class=\"elementor-share-btn__title\">\n\t\t\t\t\t\t\t\t\t\tLinkedIn\t\t\t\t\t\t\t\t\t<\/span>\n\t\t\t\t\t\t\t\t\t\t\t\t\t\t\t\t\t<\/div>\n\t\t\t\t\t\t\t\t\t\t\t\t\t<\/div>\n\t\t\t\t\t<\/div>\n\t\t\t\t\t\t\t\t\t<div class=\"elementor-grid-item\">\n\t\t\t\t\t\t<div\n\t\t\t\t\t\t\tclass=\"elementor-share-btn elementor-share-btn_twitter\"\n\t\t\t\t\t\t\trole=\"button\"\n\t\t\t\t\t\t\ttabindex=\"0\"\n\t\t\t\t\t\t\taria-label=\"Teilen auf twitter\"\n\t\t\t\t\t\t>\n\t\t\t\t\t\t\t\t\t\t\t\t\t\t\t<span class=\"elementor-share-btn__icon\">\n\t\t\t\t\t\t\t\t<svg class=\"e-font-icon-svg e-fab-twitter\" viewBox=\"0 0 512 512\" xmlns=\"http:\/\/www.w3.org\/2000\/svg\"><path d=\"M459.37 151.716c.325 4.548.325 9.097.325 13.645 0 138.72-105.583 298.558-298.558 298.558-59.452 0-114.68-17.219-161.137-47.106 8.447.974 16.568 1.299 25.34 1.299 49.055 0 94.213-16.568 130.274-44.832-46.132-.975-84.792-31.188-98.112-72.772 6.498.974 12.995 1.624 19.818 1.624 9.421 0 18.843-1.3 27.614-3.573-48.081-9.747-84.143-51.98-84.143-102.985v-1.299c13.969 7.797 30.214 12.67 47.431 13.319-28.264-18.843-46.781-51.005-46.781-87.391 0-19.492 5.197-37.36 14.294-52.954 51.655 63.675 129.3 105.258 216.365 109.807-1.624-7.797-2.599-15.918-2.599-24.04 0-57.828 46.782-104.934 104.934-104.934 30.213 0 57.502 12.67 76.67 33.137 23.715-4.548 46.456-13.32 66.599-25.34-7.798 24.366-24.366 44.833-46.132 57.827 21.117-2.273 41.584-8.122 60.426-16.243-14.292 20.791-32.161 39.308-52.628 54.253z\"><\/path><\/svg>\t\t\t\t\t\t\t<\/span>\n\t\t\t\t\t\t\t\t\t\t\t\t\t\t\t\t\t\t\t\t\t\t<div class=\"elementor-share-btn__text\">\n\t\t\t\t\t\t\t\t\t\t\t\t\t\t\t\t\t\t\t<span class=\"elementor-share-btn__title\">\n\t\t\t\t\t\t\t\t\t\tTwitter\t\t\t\t\t\t\t\t\t<\/span>\n\t\t\t\t\t\t\t\t\t\t\t\t\t\t\t\t\t<\/div>\n\t\t\t\t\t\t\t\t\t\t\t\t\t<\/div>\n\t\t\t\t\t<\/div>\n\t\t\t\t\t\t<\/div>\n\t\t\t\t\t\t<\/div>\n\t\t\t\t<\/div>\n\t\t\t\t\t<\/div>\n\t\t<\/div>\n\t\t\t\t<div class=\"elementor-column elementor-col-50 elementor-top-column elementor-element elementor-element-7b90c19f\" data-id=\"7b90c19f\" data-element_type=\"column\" data-e-type=\"column\" data-settings=\"{&quot;background_background&quot;:&quot;classic&quot;}\">\n\t\t\t<div class=\"elementor-widget-wrap elementor-element-populated\">\n\t\t\t\t\t\t<div class=\"elementor-element elementor-element-5b3c7366 elementor-widget elementor-widget-heading\" data-id=\"5b3c7366\" data-element_type=\"widget\" data-e-type=\"widget\" data-widget_type=\"heading.default\">\n\t\t\t\t<div class=\"elementor-widget-container\">\n\t\t\t\t\t<h3 class=\"elementor-heading-title elementor-size-default\">20.000+ Aktiven Nutzern anschlie\u00dfen<\/h3>\t\t\t\t<\/div>\n\t\t\t\t<\/div>\n\t\t\t\t<div class=\"elementor-element elementor-element-75270acd elementor-widget elementor-widget-html\" data-id=\"75270acd\" data-element_type=\"widget\" data-e-type=\"widget\" data-widget_type=\"html.default\">\n\t\t\t\t<div class=\"elementor-widget-container\">\n\t\t\t\t\t<a href=\"https:\/\/app.quicargo.com\/#\/en\/signup-shipper\">Erstellen Sie ein kostenloses Konto<\/a> und entdecken Sie, wie einfach es f\u00fcr Sie ist, Paletten und Pakete in Europa zu versenden.\n<div class=\"activeshlogos\"><img decoding=\"async\" title=\"basic fit shipper\" src=\"https:\/\/quicargo.com\/wp-content\/uploads\/2022\/02\/Basic-Fit-Shipper.png\" alt=\"basic fit shipper\">\n<img decoding=\"async\" title=\"VanMoof shipper\" src=\"https:\/\/quicargo.com\/wp-content\/uploads\/2021\/08\/Van-Moof-shipper.png\" alt=\"VanMoof shipper\">\n<img decoding=\"async\" title=\"PCO shipper\" src=\"https:\/\/quicargo.com\/wp-content\/uploads\/2021\/08\/PCO-shipper.png\" alt=\"PCO shipper\">\n<img decoding=\"async\" title=\"DSM shipper\" src=\"https:\/\/quicargo.com\/wp-content\/uploads\/2021\/08\/DSM-shipper.png\" alt=\"DSM shipper\">\n<img decoding=\"async\" title=\"JetDrinks shipper\" src=\"https:\/\/quicargo.com\/wp-content\/uploads\/2021\/08\/Jetdrinks-shipper.png\" alt=\"JetDrinks shipper\">\n<img decoding=\"async\" title=\"Knauf shipper\" src=\"https:\/\/quicargo.com\/wp-content\/uploads\/2021\/08\/Knauf-shipper.png\" alt=\"Knauf shipper\"><\/div>\n<div>\n\n<p>1 von 2 LKWs f\u00e4hrt leer oder teilweise leer herum. Eine enorme Verschwendung von Ressourcen.<\/p>\n\n<p style=\"margin-bottom:30px\">Versenden Sie mit Quicargo. Sparen Sie <strong>Kosten<\/strong>, <strong>Zeit<\/strong>, und <strong>CO2-Emissionen<\/strong>.<\/p>\n\n<a href=\"https:\/\/app.quicargo.com\/#\/en\/signup-shipper\" style=\"text-decoration:none;\"><p><span id=\"tagbuttons\">Erkunden Sie die Plattform kostenlos<\/span><\/p><\/a>\n\n<\/div>\t\t\t\t<\/div>\n\t\t\t\t<\/div>\n\t\t\t\t<div class=\"elementor-element elementor-element-3aeff5 elementor-widget elementor-widget-heading\" data-id=\"3aeff5\" data-element_type=\"widget\" data-e-type=\"widget\" data-widget_type=\"heading.default\">\n\t\t\t\t<div class=\"elementor-widget-container\">\n\t\t\t\t\t<h3 class=\"elementor-heading-title elementor-size-default\">Lernen Sie mehr \u00fcber unseren Versandservice<\/h3>\t\t\t\t<\/div>\n\t\t\t\t<\/div>\n\t\t\t\t<div class=\"elementor-element elementor-element-7273b13b elementor-widget elementor-widget-html\" data-id=\"7273b13b\" data-element_type=\"widget\" data-e-type=\"widget\" data-widget_type=\"html.default\">\n\t\t\t\t<div class=\"elementor-widget-container\">\n\t\t\t\t\t<a href=\"https:\/\/quicargo.com\/de\/palettenversand\/\"><p><span id=\"infolinksheader\">Palettensendungen<\/span><br>\n<span id=\"infolinks\">F\u00fcllen Sie leere LKWs mit Paletten<\/span><\/p><\/a>\n<hr>\n<br>\n<a href=\"https:\/\/quicargo.com\/de\/pakete-versenden\/\"><p><span id=\"infolinksheader\">Paketsendungen<\/span><br>\n<span id=\"infolinks\">Bestellen Sie Paketsendungen - in 60 Sekunden<\/span><\/p><\/a>\n<hr>\n<br>\n<a href=\"https:\/\/quicargo.com\/de\/amazon-logistikzentren-beliefern\/\"><p><span id=\"infolinksheader\">Versand an Amazon <\/span><br>\n<span id=\"infolinks\">Arbeiten Sie mit Spezialisten in FBA Lieferungen<\/span><\/p><\/a>\n<hr>\n<br>\n<a href=\"https:\/\/quicargo.com\/de\/dienstleistungen\/\"><span id=\"tagbuttons\">Mehr anzeigen<\/span><\/a>\t\t\t\t<\/div>\n\t\t\t\t<\/div>\n\t\t\t\t<div class=\"elementor-element elementor-element-4e8fd0fb elementor-widget elementor-widget-html\" data-id=\"4e8fd0fb\" data-element_type=\"widget\" data-e-type=\"widget\" data-widget_type=\"html.default\">\n\t\t\t\t<div class=\"elementor-widget-container\">\n\t\t\t\t\t<div class=\"socialqc1\"><h3>Folgen Sie unseren sozialen Netzwerken<\/h3>\n    <p><a href=\"https:\/\/www.linkedin.com\/company\/quicargo\/\"><i class=\"fa-brands fa-linkedin\" style=\"color:#0A66C2; font-size:50px; padding:0 20px\"><\/i><\/a><a href=\"https:\/\/www.youtube.com\/channel\/UCHp4qXU_FqY5Cfn7FeOBLoA\"><i class=\"fa-brands fa-youtube-square\" style=\"color:#FF0000; font-size:50px;; padding:0 20px\"><\/i><\/a><a href=\"https:\/\/www.facebook.com\/Quicargo\"><i class=\"fa-brands fa-facebook-square\" style=\"color:#1877F2; font-size:50px;; padding:0 20px\"><\/i><\/a><\/p>\n<\/div>\t\t\t\t<\/div>\n\t\t\t\t<\/div>\n\t\t\t\t<div class=\"elementor-element elementor-element-1f86d1d5 elementor-widget elementor-widget-heading\" data-id=\"1f86d1d5\" data-element_type=\"widget\" data-e-type=\"widget\" data-widget_type=\"heading.default\">\n\t\t\t\t<div class=\"elementor-widget-container\">\n\t\t\t\t\t<h3 class=\"elementor-heading-title elementor-size-default\">Hilfreiche Versandartikel<\/h3>\t\t\t\t<\/div>\n\t\t\t\t<\/div>\n\t\t\t\t<div class=\"elementor-element elementor-element-282c933f elementor-widget elementor-widget-html\" data-id=\"282c933f\" data-element_type=\"widget\" data-e-type=\"widget\" data-widget_type=\"html.default\">\n\t\t\t\t<div class=\"elementor-widget-container\">\n\t\t\t\t\t<a href=\"https:\/\/quicargo.com\/de\/sendungsverfolgung\/\"><p><span id=\"infolinksheader\">Sendungsverfolgung<\/span><br>\n<span id=\"infolinks\">Lernen Sie, wie Sie Ihre Sendung verfolgen <\/span><\/p><\/a>\n<hr>\n<br>\n<a href=\"https:\/\/quicargo.com\/de\/zugangsmoeglichkeiten\/\"><p><span id=\"infolinksheader\">Zug\u00e4nglichkeit f\u00fcr Be- und Entladung<\/span><br>\n<span id=\"infolinks\">Lesen Sie  \u00fcber Zugangsm\u00f6glichkeiten f\u00fcr LKWs<\/span><\/p><\/a>\n<hr>\n<br>\n<a href=\"https:\/\/quicargo.com\/shipping-insurance\/\"><p><span id=\"infolinksheader\">Versicherung<\/span><br>\n<span id=\"infolinks\">Pr\u00fcfen Sie, wie Ihre Waren gesch\u00fctzt sind<\/span><\/p><\/a>\n<hr>\n<br>\n<a href=\"https:\/\/quicargo.com\/shipping-articles\/\"><span id=\"tagbuttons\">Mehr anzeigen<\/span><\/a>\t\t\t\t<\/div>\n\t\t\t\t<\/div>\n\t\t\t\t<div class=\"elementor-element elementor-element-b5be759 elementor-widget elementor-widget-heading\" data-id=\"b5be759\" data-element_type=\"widget\" data-e-type=\"widget\" data-widget_type=\"heading.default\">\n\t\t\t\t<div class=\"elementor-widget-container\">\n\t\t\t\t\t<h3 class=\"elementor-heading-title elementor-size-default\">Neueste Beitr\u00e4ge<\/h3>\t\t\t\t<\/div>\n\t\t\t\t<\/div>\n\t\t\t\t<div class=\"elementor-element elementor-element-138e0822 elementor-grid-1 elementor-posts--thumbnail-none elementor-grid-tablet-2 elementor-grid-mobile-1 elementor-widget elementor-widget-posts\" data-id=\"138e0822\" data-element_type=\"widget\" data-e-type=\"widget\" data-settings=\"{&quot;classic_columns&quot;:&quot;1&quot;,&quot;classic_row_gap&quot;:{&quot;unit&quot;:&quot;px&quot;,&quot;size&quot;:20,&quot;sizes&quot;:[]},&quot;classic_columns_tablet&quot;:&quot;2&quot;,&quot;classic_columns_mobile&quot;:&quot;1&quot;,&quot;classic_row_gap_tablet&quot;:{&quot;unit&quot;:&quot;px&quot;,&quot;size&quot;:&quot;&quot;,&quot;sizes&quot;:[]},&quot;classic_row_gap_mobile&quot;:{&quot;unit&quot;:&quot;px&quot;,&quot;size&quot;:&quot;&quot;,&quot;sizes&quot;:[]}}\" data-widget_type=\"posts.classic\">\n\t\t\t\t<div class=\"elementor-widget-container\">\n\t\t\t\t\t\t\t<div class=\"elementor-posts-container elementor-posts elementor-posts--skin-classic elementor-grid\">\n\t\t\t\t<article class=\"elementor-post elementor-grid-item post-129133 post type-post status-publish format-standard has-post-thumbnail hentry category-all-blogs-nl category-alle-blogs-de category-blog category-carrier-blogs-nl category-shippers-nl\">\n\t\t\t\t<div class=\"elementor-post__text\">\n\t\t\t\t<h3 class=\"elementor-post__title\">\n\t\t\t<a href=\"https:\/\/quicargo.com\/de\/blog\/wie-hebt-man-eine-palette-an\/\" >\n\t\t\t\tWie hebt man eine Palette an?\t\t\t<\/a>\n\t\t<\/h3>\n\t\t\t\t<\/div>\n\t\t\t\t<\/article>\n\t\t\t\t<article class=\"elementor-post elementor-grid-item post-99034 post type-post status-publish format-standard has-post-thumbnail hentry category-all-blogs-de category-alle-blogs-de category-anleitungs-blogs category-blog category-carrier-blogs-de category-nachhaltigkeits-blogs category-press-media-blogs category-presse-und-medien-blogs category-speditions-blogs category-versender-blogs\">\n\t\t\t\t<div class=\"elementor-post__text\">\n\t\t\t\t<h3 class=\"elementor-post__title\">\n\t\t\t<a href=\"https:\/\/quicargo.com\/de\/blog\/trends-in-der-logistikbranche-2023\/\" >\n\t\t\t\tQuicargo&#8217;s Prognose f\u00fcr 2023 &#8211; Trends in der Logistikbranche\t\t\t<\/a>\n\t\t<\/h3>\n\t\t\t\t<\/div>\n\t\t\t\t<\/article>\n\t\t\t\t<article class=\"elementor-post elementor-grid-item post-95780 post type-post status-publish format-standard has-post-thumbnail hentry category-all-blogs-de category-alle-blogs-de category-anleitungs-blogs category-blog category-carrier-blogs-de category-speditions-blogs category-versender-blogs\">\n\t\t\t\t<div class=\"elementor-post__text\">\n\t\t\t\t<h3 class=\"elementor-post__title\">\n\t\t\t<a href=\"https:\/\/quicargo.com\/de\/blog\/transportauftraege-finden\/\" >\n\t\t\t\tSo finden Sie Transportauftr\u00e4ge\t\t\t<\/a>\n\t\t<\/h3>\n\t\t\t\t<\/div>\n\t\t\t\t<\/article>\n\t\t\t\t<article class=\"elementor-post elementor-grid-item post-95589 post type-post status-publish format-standard has-post-thumbnail hentry category-all-blogs-de category-alle-blogs-de category-anleitungs-blogs category-blog category-carrier-blogs-de category-speditions-blogs category-versender-blogs\">\n\t\t\t\t<div class=\"elementor-post__text\">\n\t\t\t\t<h3 class=\"elementor-post__title\">\n\t\t\t<a href=\"https:\/\/quicargo.com\/de\/blog\/transportunternehmen-finden\/\" >\n\t\t\t\tSo finden Sie Ihr passendes Transportunternehmen\t\t\t<\/a>\n\t\t<\/h3>\n\t\t\t\t<\/div>\n\t\t\t\t<\/article>\n\t\t\t\t<article class=\"elementor-post elementor-grid-item post-95379 post type-post status-publish format-standard has-post-thumbnail hentry category-all-blogs-de category-alle-blogs-de category-anleitungs-blogs category-blog category-carrier-blogs-de category-speditions-blogs category-vergleichs-blogs category-versender-blogs\">\n\t\t\t\t<div class=\"elementor-post__text\">\n\t\t\t\t<h3 class=\"elementor-post__title\">\n\t\t\t<a href=\"https:\/\/quicargo.com\/de\/blog\/die-besten-dhl-alternativen\/\" >\n\t\t\t\tDie besten DHL-Alternativen\t\t\t<\/a>\n\t\t<\/h3>\n\t\t\t\t<\/div>\n\t\t\t\t<\/article>\n\t\t\t\t<article class=\"elementor-post elementor-grid-item post-93367 post type-post status-publish format-standard has-post-thumbnail hentry category-alle-blogs-de category-blog category-nachhaltigkeits-blogs category-speditions-blogs category-versender-blogs\">\n\t\t\t\t<div class=\"elementor-post__text\">\n\t\t\t\t<h3 class=\"elementor-post__title\">\n\t\t\t<a href=\"https:\/\/quicargo.com\/de\/blog\/green-logistics\/\" >\n\t\t\t\tGreen Logistics: Das Schlagwort bei Nachhaltigkeit im Logistiksektor\t\t\t<\/a>\n\t\t<\/h3>\n\t\t\t\t<\/div>\n\t\t\t\t<\/article>\n\t\t\t\t<\/div>\n\t\t\n\t\t\t\t\t\t<\/div>\n\t\t\t\t<\/div>\n\t\t\t\t<div class=\"elementor-element elementor-element-349f8ecb elementor-widget elementor-widget-html\" data-id=\"349f8ecb\" data-element_type=\"widget\" data-e-type=\"widget\" data-widget_type=\"html.default\">\n\t\t\t\t<div class=\"elementor-widget-container\">\n\t\t\t\t\t<div class=\"socialqc2\"><h3>Erhalten Sie Neuigkeiten direkt in Ihrem Posteingang<\/h3>\n<p><p>You have already subscribed.<\/p><\/p>\n\n<p>Schlie\u00dfen Sie sich <span style=\"color:#3F64FF; font-weight:600;\">12.000+ Abonnenten<\/span> an.<br>Wir sch\u00fctzen Ihre Privatsph\u00e4re. Sie k\u00f6nnen sich jederzeit wieder abmelden.<\/p>\n<\/div>\t\t\t\t<\/div>\n\t\t\t\t<\/div>\n\t\t\t\t<div class=\"elementor-element elementor-element-60d670df elementor-widget elementor-widget-heading\" data-id=\"60d670df\" data-element_type=\"widget\" data-e-type=\"widget\" data-widget_type=\"heading.default\">\n\t\t\t\t<div class=\"elementor-widget-container\">\n\t\t\t\t\t<h3 class=\"elementor-heading-title elementor-size-default\">\u00c4hnliche Beitr\u00e4ge<\/h3>\t\t\t\t<\/div>\n\t\t\t\t<\/div>\n\t\t\t\t<div class=\"elementor-element elementor-element-4df6a25f elementor-grid-1 elementor-posts--thumbnail-none elementor-grid-tablet-2 elementor-grid-mobile-1 elementor-widget elementor-widget-posts\" data-id=\"4df6a25f\" data-element_type=\"widget\" data-e-type=\"widget\" data-settings=\"{&quot;classic_columns&quot;:&quot;1&quot;,&quot;classic_row_gap&quot;:{&quot;unit&quot;:&quot;px&quot;,&quot;size&quot;:20,&quot;sizes&quot;:[]},&quot;classic_columns_tablet&quot;:&quot;2&quot;,&quot;classic_columns_mobile&quot;:&quot;1&quot;,&quot;classic_row_gap_tablet&quot;:{&quot;unit&quot;:&quot;px&quot;,&quot;size&quot;:&quot;&quot;,&quot;sizes&quot;:[]},&quot;classic_row_gap_mobile&quot;:{&quot;unit&quot;:&quot;px&quot;,&quot;size&quot;:&quot;&quot;,&quot;sizes&quot;:[]}}\" data-widget_type=\"posts.classic\">\n\t\t\t\t<div class=\"elementor-widget-container\">\n\t\t\t\t\t\t\t<div class=\"elementor-posts-container elementor-posts elementor-posts--skin-classic elementor-grid\">\n\t\t\t\t<article class=\"elementor-post elementor-grid-item post-68645 post type-post status-publish format-standard has-post-thumbnail hentry category-all-blogs-de category-alle-blogs-de category-anleitungs-blogs category-blog category-speditions-blogs category-unkategorisiert category-versender-blogs\">\n\t\t\t\t<div class=\"elementor-post__text\">\n\t\t\t\t<h3 class=\"elementor-post__title\">\n\t\t\t<a href=\"https:\/\/quicargo.com\/de\/blog\/spotmarkt-fuer-palettenversand-innerhalb-belgiens-ist-jetzt-verfuegbar\/\" >\n\t\t\t\tSpotmarkt f\u00fcr Palettenversand innerhalb Belgiens ist jetzt verf\u00fcgbar!\t\t\t<\/a>\n\t\t<\/h3>\n\t\t\t\t<\/div>\n\t\t\t\t<\/article>\n\t\t\t\t<article class=\"elementor-post elementor-grid-item post-26130 post type-post status-publish format-standard has-post-thumbnail hentry category-all-blogs-de category-alle-blogs-de category-blog category-erklaerungen-anleitungen category-press-media-blogs category-presse-und-medien-blogs category-speditions-blogs category-versender-blogs\">\n\t\t\t\t<div class=\"elementor-post__text\">\n\t\t\t\t<h3 class=\"elementor-post__title\">\n\t\t\t<a href=\"https:\/\/quicargo.com\/de\/blog\/transportanfragen\/\" >\n\t\t\t\tTransportanfragen f\u00fchren zu Preisunterschieden von bis zu 273%\t\t\t<\/a>\n\t\t<\/h3>\n\t\t\t\t<\/div>\n\t\t\t\t<\/article>\n\t\t\t\t<article class=\"elementor-post elementor-grid-item post-95780 post type-post status-publish format-standard has-post-thumbnail hentry category-all-blogs-de category-alle-blogs-de category-anleitungs-blogs category-blog category-carrier-blogs-de category-speditions-blogs category-versender-blogs\">\n\t\t\t\t<div class=\"elementor-post__text\">\n\t\t\t\t<h3 class=\"elementor-post__title\">\n\t\t\t<a href=\"https:\/\/quicargo.com\/de\/blog\/transportauftraege-finden\/\" >\n\t\t\t\tSo finden Sie Transportauftr\u00e4ge\t\t\t<\/a>\n\t\t<\/h3>\n\t\t\t\t<\/div>\n\t\t\t\t<\/article>\n\t\t\t\t<article class=\"elementor-post elementor-grid-item post-94566 post type-post status-publish format-standard has-post-thumbnail hentry category-anleitungs-blogs category-blog category-erklaerungen-anleitungen category-speditions-blogs category-versender-blogs\">\n\t\t\t\t<div class=\"elementor-post__text\">\n\t\t\t\t<h3 class=\"elementor-post__title\">\n\t\t\t<a href=\"https:\/\/quicargo.com\/de\/blog\/bullwhip-effekt\/\" >\n\t\t\t\tAlles, was Sie \u00fcber den Bullwhip-Effekt wissen m\u00fcssen\t\t\t<\/a>\n\t\t<\/h3>\n\t\t\t\t<\/div>\n\t\t\t\t<\/article>\n\t\t\t\t<article class=\"elementor-post elementor-grid-item post-95379 post type-post status-publish format-standard has-post-thumbnail hentry category-all-blogs-de category-alle-blogs-de category-anleitungs-blogs category-blog category-carrier-blogs-de category-speditions-blogs category-vergleichs-blogs category-versender-blogs\">\n\t\t\t\t<div class=\"elementor-post__text\">\n\t\t\t\t<h3 class=\"elementor-post__title\">\n\t\t\t<a href=\"https:\/\/quicargo.com\/de\/blog\/die-besten-dhl-alternativen\/\" >\n\t\t\t\tDie besten DHL-Alternativen\t\t\t<\/a>\n\t\t<\/h3>\n\t\t\t\t<\/div>\n\t\t\t\t<\/article>\n\t\t\t\t<article class=\"elementor-post elementor-grid-item post-95589 post type-post status-publish format-standard has-post-thumbnail hentry category-all-blogs-de category-alle-blogs-de category-anleitungs-blogs category-blog category-carrier-blogs-de category-speditions-blogs category-versender-blogs\">\n\t\t\t\t<div class=\"elementor-post__text\">\n\t\t\t\t<h3 class=\"elementor-post__title\">\n\t\t\t<a href=\"https:\/\/quicargo.com\/de\/blog\/transportunternehmen-finden\/\" >\n\t\t\t\tSo finden Sie Ihr passendes Transportunternehmen\t\t\t<\/a>\n\t\t<\/h3>\n\t\t\t\t<\/div>\n\t\t\t\t<\/article>\n\t\t\t\t<\/div>\n\t\t\n\t\t\t\t\t\t<\/div>\n\t\t\t\t<\/div>\n\t\t\t\t\t<\/div>\n\t\t<\/div>\n\t\t\t\t\t<\/div>\n\t\t<\/section>\n\t\t\t\t<\/div>\n\t\t","protected":false},"excerpt":{"rendered":"<p>LKW-Fahrer leiden um 237 % h\u00e4ufiger unter einer gest\u00f6rten Work-Life-Balance Von Carola Kreitmayr 18. Juli 2022 \u2022 16 Min. Lesezeit Speditionen Alle Blogs Presse &amp;<\/p>\n","protected":false},"author":20,"featured_media":89480,"comment_status":"closed","ping_status":"open","sticky":false,"template":"","format":"standard","meta":{"footnotes":""},"categories":[257,247,280,259,258,251,254],"tags":[],"class_list":["post-89157","post","type-post","status-publish","format-standard","has-post-thumbnail","hentry","category-all-blogs-de","category-alle-blogs-de","category-blog","category-carrier-blogs-de","category-press-media-blogs","category-presse-und-medien-blogs","category-speditions-blogs"],"yoast_head":"<!-- This site is optimized with the Yoast SEO plugin v25.2 - https:\/\/yoast.com\/wordpress\/plugins\/seo\/ -->\n<title>Work-Life Imbalance unter LKW-Fahrern und weiteren Logistikberufen<\/title>\n<meta name=\"robots\" content=\"index, follow, max-snippet:-1, max-image-preview:large, max-video-preview:-1\" \/>\n<link rel=\"canonical\" href=\"https:\/\/quicargo.com\/de\/blog\/work-life-imbalance-logistik-berufe\/\" \/>\n<meta property=\"og:locale\" content=\"de_DE\" \/>\n<meta property=\"og:type\" content=\"article\" \/>\n<meta property=\"og:title\" content=\"Work-Life Imbalance unter LKW-Fahrern und weiteren Logistikberufen\" \/>\n<meta property=\"og:description\" content=\"LKW-Fahrer leiden um 237 % h\u00e4ufiger unter einer gest\u00f6rten Work-Life-Balance Von Carola Kreitmayr 18. Juli 2022 \u2022 16 Min. Lesezeit Speditionen Alle Blogs Presse &amp;\" \/>\n<meta property=\"og:url\" content=\"https:\/\/quicargo.com\/de\/blog\/work-life-imbalance-logistik-berufe\/\" \/>\n<meta property=\"og:site_name\" content=\"Quicargo\" \/>\n<meta property=\"article:published_time\" content=\"2022-07-18T09:48:53+00:00\" \/>\n<meta property=\"article:modified_time\" content=\"2024-08-19T10:00:33+00:00\" \/>\n<meta property=\"og:image\" content=\"https:\/\/quicargo.com\/wp-content\/uploads\/2022\/07\/Work-Life-Imbalance-featured-image-DE.jpg\" \/>\n\t<meta property=\"og:image:width\" content=\"961\" \/>\n\t<meta property=\"og:image:height\" content=\"640\" \/>\n\t<meta property=\"og:image:type\" content=\"image\/jpeg\" \/>\n<meta name=\"author\" content=\"Carola\" \/>\n<meta name=\"twitter:card\" content=\"summary_large_image\" \/>\n<meta name=\"twitter:label1\" content=\"Verfasst von\" \/>\n\t<meta name=\"twitter:data1\" content=\"Carola\" \/>\n\t<meta name=\"twitter:label2\" content=\"Gesch\u00e4tzte Lesezeit\" \/>\n\t<meta name=\"twitter:data2\" content=\"10\u00a0Minuten\" \/>\n<script type=\"application\/ld+json\" class=\"yoast-schema-graph\">{\"@context\":\"https:\/\/schema.org\",\"@graph\":[{\"@type\":\"Article\",\"@id\":\"https:\/\/quicargo.com\/de\/blog\/work-life-imbalance-logistik-berufe\/#article\",\"isPartOf\":{\"@id\":\"https:\/\/quicargo.com\/de\/blog\/work-life-imbalance-logistik-berufe\/\"},\"author\":{\"name\":\"Carola\",\"@id\":\"https:\/\/quicargo.com\/de\/#\/schema\/person\/70ffe271859781233eb4aaf80a7e9389\"},\"headline\":\"Work-Life Imbalance unter LKW-Fahrern und weiteren Logistikberufen\",\"datePublished\":\"2022-07-18T09:48:53+00:00\",\"dateModified\":\"2024-08-19T10:00:33+00:00\",\"mainEntityOfPage\":{\"@id\":\"https:\/\/quicargo.com\/de\/blog\/work-life-imbalance-logistik-berufe\/\"},\"wordCount\":1611,\"publisher\":{\"@id\":\"https:\/\/quicargo.com\/de\/#organization\"},\"image\":{\"@id\":\"https:\/\/quicargo.com\/de\/blog\/work-life-imbalance-logistik-berufe\/#primaryimage\"},\"thumbnailUrl\":\"https:\/\/quicargo.com\/wp-content\/uploads\/2022\/07\/Work-Life-Imbalance-featured-image-DE.jpg\",\"articleSection\":[\"All blogs\",\"Alle Blogs\",\"Blog\",\"Carrier Blogs\",\"Press &amp; Media Blogs\",\"Presse &amp; Medien Blogs\",\"Speditions-Blogs\"],\"inLanguage\":\"de\"},{\"@type\":\"WebPage\",\"@id\":\"https:\/\/quicargo.com\/de\/blog\/work-life-imbalance-logistik-berufe\/\",\"url\":\"https:\/\/quicargo.com\/de\/blog\/work-life-imbalance-logistik-berufe\/\",\"name\":\"Work-Life Imbalance unter LKW-Fahrern und weiteren Logistikberufen\",\"isPartOf\":{\"@id\":\"https:\/\/quicargo.com\/de\/#website\"},\"primaryImageOfPage\":{\"@id\":\"https:\/\/quicargo.com\/de\/blog\/work-life-imbalance-logistik-berufe\/#primaryimage\"},\"image\":{\"@id\":\"https:\/\/quicargo.com\/de\/blog\/work-life-imbalance-logistik-berufe\/#primaryimage\"},\"thumbnailUrl\":\"https:\/\/quicargo.com\/wp-content\/uploads\/2022\/07\/Work-Life-Imbalance-featured-image-DE.jpg\",\"datePublished\":\"2022-07-18T09:48:53+00:00\",\"dateModified\":\"2024-08-19T10:00:33+00:00\",\"breadcrumb\":{\"@id\":\"https:\/\/quicargo.com\/de\/blog\/work-life-imbalance-logistik-berufe\/#breadcrumb\"},\"inLanguage\":\"de\",\"potentialAction\":[{\"@type\":\"ReadAction\",\"target\":[\"https:\/\/quicargo.com\/de\/blog\/work-life-imbalance-logistik-berufe\/\"]}]},{\"@type\":\"ImageObject\",\"inLanguage\":\"de\",\"@id\":\"https:\/\/quicargo.com\/de\/blog\/work-life-imbalance-logistik-berufe\/#primaryimage\",\"url\":\"https:\/\/quicargo.com\/wp-content\/uploads\/2022\/07\/Work-Life-Imbalance-featured-image-DE.jpg\",\"contentUrl\":\"https:\/\/quicargo.com\/wp-content\/uploads\/2022\/07\/Work-Life-Imbalance-featured-image-DE.jpg\",\"width\":961,\"height\":640},{\"@type\":\"BreadcrumbList\",\"@id\":\"https:\/\/quicargo.com\/de\/blog\/work-life-imbalance-logistik-berufe\/#breadcrumb\",\"itemListElement\":[{\"@type\":\"ListItem\",\"position\":1,\"name\":\"Home\",\"item\":\"https:\/\/quicargo.com\/de\/\"},{\"@type\":\"ListItem\",\"position\":2,\"name\":\"Work-Life Imbalance unter LKW-Fahrern und weiteren Logistikberufen\"}]},{\"@type\":\"WebSite\",\"@id\":\"https:\/\/quicargo.com\/de\/#website\",\"url\":\"https:\/\/quicargo.com\/de\/\",\"name\":\"Quicargo\",\"description\":\"No more empty trucks\",\"publisher\":{\"@id\":\"https:\/\/quicargo.com\/de\/#organization\"},\"potentialAction\":[{\"@type\":\"SearchAction\",\"target\":{\"@type\":\"EntryPoint\",\"urlTemplate\":\"https:\/\/quicargo.com\/de\/?s={search_term_string}\"},\"query-input\":{\"@type\":\"PropertyValueSpecification\",\"valueRequired\":true,\"valueName\":\"search_term_string\"}}],\"inLanguage\":\"de\"},{\"@type\":\"Organization\",\"@id\":\"https:\/\/quicargo.com\/de\/#organization\",\"name\":\"Quicargo\",\"url\":\"https:\/\/quicargo.com\/de\/\",\"logo\":{\"@type\":\"ImageObject\",\"inLanguage\":\"de\",\"@id\":\"https:\/\/quicargo.com\/de\/#\/schema\/logo\/image\/\",\"url\":\"https:\/\/quicargo.com\/wp-content\/uploads\/2020\/02\/Quicargo-official-logo.png\",\"contentUrl\":\"https:\/\/quicargo.com\/wp-content\/uploads\/2020\/02\/Quicargo-official-logo.png\",\"width\":148,\"height\":59,\"caption\":\"Quicargo\"},\"image\":{\"@id\":\"https:\/\/quicargo.com\/de\/#\/schema\/logo\/image\/\"}},{\"@type\":\"Person\",\"@id\":\"https:\/\/quicargo.com\/de\/#\/schema\/person\/70ffe271859781233eb4aaf80a7e9389\",\"name\":\"Carola\",\"image\":{\"@type\":\"ImageObject\",\"inLanguage\":\"de\",\"@id\":\"https:\/\/quicargo.com\/de\/#\/schema\/person\/image\/\",\"url\":\"https:\/\/secure.gravatar.com\/avatar\/fe66cd8a3519472f1ff01317992a1eb7?s=96&d=mm&r=g\",\"contentUrl\":\"https:\/\/secure.gravatar.com\/avatar\/fe66cd8a3519472f1ff01317992a1eb7?s=96&d=mm&r=g\",\"caption\":\"Carola\"}}]}<\/script>\n<!-- \/ Yoast SEO plugin. -->","yoast_head_json":{"title":"Work-Life Imbalance unter LKW-Fahrern und weiteren Logistikberufen","robots":{"index":"index","follow":"follow","max-snippet":"max-snippet:-1","max-image-preview":"max-image-preview:large","max-video-preview":"max-video-preview:-1"},"canonical":"https:\/\/quicargo.com\/de\/blog\/work-life-imbalance-logistik-berufe\/","og_locale":"de_DE","og_type":"article","og_title":"Work-Life Imbalance unter LKW-Fahrern und weiteren Logistikberufen","og_description":"LKW-Fahrer leiden um 237 % h\u00e4ufiger unter einer gest\u00f6rten Work-Life-Balance Von Carola Kreitmayr 18. Juli 2022 \u2022 16 Min. Lesezeit Speditionen Alle Blogs Presse &amp;","og_url":"https:\/\/quicargo.com\/de\/blog\/work-life-imbalance-logistik-berufe\/","og_site_name":"Quicargo","article_published_time":"2022-07-18T09:48:53+00:00","article_modified_time":"2024-08-19T10:00:33+00:00","og_image":[{"width":961,"height":640,"url":"https:\/\/quicargo.com\/wp-content\/uploads\/2022\/07\/Work-Life-Imbalance-featured-image-DE.jpg","type":"image\/jpeg"}],"author":"Carola","twitter_card":"summary_large_image","twitter_misc":{"Verfasst von":"Carola","Gesch\u00e4tzte Lesezeit":"10\u00a0Minuten"},"schema":{"@context":"https:\/\/schema.org","@graph":[{"@type":"Article","@id":"https:\/\/quicargo.com\/de\/blog\/work-life-imbalance-logistik-berufe\/#article","isPartOf":{"@id":"https:\/\/quicargo.com\/de\/blog\/work-life-imbalance-logistik-berufe\/"},"author":{"name":"Carola","@id":"https:\/\/quicargo.com\/de\/#\/schema\/person\/70ffe271859781233eb4aaf80a7e9389"},"headline":"Work-Life Imbalance unter LKW-Fahrern und weiteren Logistikberufen","datePublished":"2022-07-18T09:48:53+00:00","dateModified":"2024-08-19T10:00:33+00:00","mainEntityOfPage":{"@id":"https:\/\/quicargo.com\/de\/blog\/work-life-imbalance-logistik-berufe\/"},"wordCount":1611,"publisher":{"@id":"https:\/\/quicargo.com\/de\/#organization"},"image":{"@id":"https:\/\/quicargo.com\/de\/blog\/work-life-imbalance-logistik-berufe\/#primaryimage"},"thumbnailUrl":"https:\/\/quicargo.com\/wp-content\/uploads\/2022\/07\/Work-Life-Imbalance-featured-image-DE.jpg","articleSection":["All blogs","Alle Blogs","Blog","Carrier Blogs","Press &amp; Media Blogs","Presse &amp; Medien Blogs","Speditions-Blogs"],"inLanguage":"de"},{"@type":"WebPage","@id":"https:\/\/quicargo.com\/de\/blog\/work-life-imbalance-logistik-berufe\/","url":"https:\/\/quicargo.com\/de\/blog\/work-life-imbalance-logistik-berufe\/","name":"Work-Life Imbalance unter LKW-Fahrern und weiteren Logistikberufen","isPartOf":{"@id":"https:\/\/quicargo.com\/de\/#website"},"primaryImageOfPage":{"@id":"https:\/\/quicargo.com\/de\/blog\/work-life-imbalance-logistik-berufe\/#primaryimage"},"image":{"@id":"https:\/\/quicargo.com\/de\/blog\/work-life-imbalance-logistik-berufe\/#primaryimage"},"thumbnailUrl":"https:\/\/quicargo.com\/wp-content\/uploads\/2022\/07\/Work-Life-Imbalance-featured-image-DE.jpg","datePublished":"2022-07-18T09:48:53+00:00","dateModified":"2024-08-19T10:00:33+00:00","breadcrumb":{"@id":"https:\/\/quicargo.com\/de\/blog\/work-life-imbalance-logistik-berufe\/#breadcrumb"},"inLanguage":"de","potentialAction":[{"@type":"ReadAction","target":["https:\/\/quicargo.com\/de\/blog\/work-life-imbalance-logistik-berufe\/"]}]},{"@type":"ImageObject","inLanguage":"de","@id":"https:\/\/quicargo.com\/de\/blog\/work-life-imbalance-logistik-berufe\/#primaryimage","url":"https:\/\/quicargo.com\/wp-content\/uploads\/2022\/07\/Work-Life-Imbalance-featured-image-DE.jpg","contentUrl":"https:\/\/quicargo.com\/wp-content\/uploads\/2022\/07\/Work-Life-Imbalance-featured-image-DE.jpg","width":961,"height":640},{"@type":"BreadcrumbList","@id":"https:\/\/quicargo.com\/de\/blog\/work-life-imbalance-logistik-berufe\/#breadcrumb","itemListElement":[{"@type":"ListItem","position":1,"name":"Home","item":"https:\/\/quicargo.com\/de\/"},{"@type":"ListItem","position":2,"name":"Work-Life Imbalance unter LKW-Fahrern und weiteren Logistikberufen"}]},{"@type":"WebSite","@id":"https:\/\/quicargo.com\/de\/#website","url":"https:\/\/quicargo.com\/de\/","name":"Quicargo","description":"No more empty trucks","publisher":{"@id":"https:\/\/quicargo.com\/de\/#organization"},"potentialAction":[{"@type":"SearchAction","target":{"@type":"EntryPoint","urlTemplate":"https:\/\/quicargo.com\/de\/?s={search_term_string}"},"query-input":{"@type":"PropertyValueSpecification","valueRequired":true,"valueName":"search_term_string"}}],"inLanguage":"de"},{"@type":"Organization","@id":"https:\/\/quicargo.com\/de\/#organization","name":"Quicargo","url":"https:\/\/quicargo.com\/de\/","logo":{"@type":"ImageObject","inLanguage":"de","@id":"https:\/\/quicargo.com\/de\/#\/schema\/logo\/image\/","url":"https:\/\/quicargo.com\/wp-content\/uploads\/2020\/02\/Quicargo-official-logo.png","contentUrl":"https:\/\/quicargo.com\/wp-content\/uploads\/2020\/02\/Quicargo-official-logo.png","width":148,"height":59,"caption":"Quicargo"},"image":{"@id":"https:\/\/quicargo.com\/de\/#\/schema\/logo\/image\/"}},{"@type":"Person","@id":"https:\/\/quicargo.com\/de\/#\/schema\/person\/70ffe271859781233eb4aaf80a7e9389","name":"Carola","image":{"@type":"ImageObject","inLanguage":"de","@id":"https:\/\/quicargo.com\/de\/#\/schema\/person\/image\/","url":"https:\/\/secure.gravatar.com\/avatar\/fe66cd8a3519472f1ff01317992a1eb7?s=96&d=mm&r=g","contentUrl":"https:\/\/secure.gravatar.com\/avatar\/fe66cd8a3519472f1ff01317992a1eb7?s=96&d=mm&r=g","caption":"Carola"}}]}},"_links":{"self":[{"href":"https:\/\/quicargo.com\/de\/wp-json\/wp\/v2\/posts\/89157","targetHints":{"allow":["GET"]}}],"collection":[{"href":"https:\/\/quicargo.com\/de\/wp-json\/wp\/v2\/posts"}],"about":[{"href":"https:\/\/quicargo.com\/de\/wp-json\/wp\/v2\/types\/post"}],"author":[{"embeddable":true,"href":"https:\/\/quicargo.com\/de\/wp-json\/wp\/v2\/users\/20"}],"replies":[{"embeddable":true,"href":"https:\/\/quicargo.com\/de\/wp-json\/wp\/v2\/comments?post=89157"}],"version-history":[{"count":24,"href":"https:\/\/quicargo.com\/de\/wp-json\/wp\/v2\/posts\/89157\/revisions"}],"predecessor-version":[{"id":91303,"href":"https:\/\/quicargo.com\/de\/wp-json\/wp\/v2\/posts\/89157\/revisions\/91303"}],"wp:featuredmedia":[{"embeddable":true,"href":"https:\/\/quicargo.com\/de\/wp-json\/wp\/v2\/media\/89480"}],"wp:attachment":[{"href":"https:\/\/quicargo.com\/de\/wp-json\/wp\/v2\/media?parent=89157"}],"wp:term":[{"taxonomy":"category","embeddable":true,"href":"https:\/\/quicargo.com\/de\/wp-json\/wp\/v2\/categories?post=89157"},{"taxonomy":"post_tag","embeddable":true,"href":"https:\/\/quicargo.com\/de\/wp-json\/wp\/v2\/tags?post=89157"}],"curies":[{"name":"wp","href":"https:\/\/api.w.org\/{rel}","templated":true}]}}