{"id":137803,"date":"2025-08-13T11:42:02","date_gmt":"2025-08-13T10:42:02","guid":{"rendered":"https:\/\/quicargo.com\/?p=137803"},"modified":"2025-08-13T11:42:03","modified_gmt":"2025-08-13T10:42:03","slug":"quicargo-neuer-trikotpartner-von-willem-ii","status":"publish","type":"post","link":"https:\/\/quicargo.com\/de\/news\/quicargo-neuer-trikotpartner-von-willem-ii\/","title":{"rendered":"Quicargo neuer Trikotpartner von Willem II"},"content":{"rendered":"\n<p>Wir sind stolz, bekannt zu geben, dass Quicargo f\u00fcr die n\u00e4chsten zwei Spielzeiten Trikotpartner von Willem II sein wird.<\/p>\n\n\n\n<p>Bis 2027 wird unser Logo auf der R\u00fcckseite des Ausw\u00e4rtstrikots und des Trikots der Tricolores zu sehen sein.<\/p>\n\n\n\n<p>Als digitale Plattform f\u00fcr Transportl\u00f6sungen schlie\u00dfen wir uns einem Verein an, der Innovation und Fortschritt in den Mittelpunkt stellt &#8211; eine \u00dcbereinstimmung, die nahtlos zu unseren eigenen Ambitionen passt. Willem II ist bekannt f\u00fcr seine starke Verbundenheit mit der Region und seinen Wunsch nach Innovation.<\/p>\n\n\n\n<p>Durch den Beitritt zum Unternehmensnetzwerk von Willem II erh\u00f6hen wir nicht nur unsere Sichtbarkeit auf und um das Spielfeld, sondern st\u00e4rken auch unsere Position innerhalb eines starken und unternehmerischen Netzwerks von Fachleuten und Unternehmen.<\/p>\n\n\n\n<p>Als Online-Spediteur geht es bei Quicargo darum, Parteien auf intelligente Weise zu verbinden. Nicht nur im Transport, sondern auch in der Gesch\u00e4ftswelt. Mit unserem starken Netzwerk von Spediteuren und Verladern in den Niederlanden, Belgien und Deutschland schaffen wir jeden Tag effiziente und nachhaltige Logistikl\u00f6sungen.<\/p>\n\n\n\n<p>Sehen Sie sich die offizielle Pressemitteilung des Clubs an:<br><a href=\"https:\/\/lnkd.in\/e9cCCR-d\" target=\"_blank\" rel=\"noreferrer noopener\">https:\/\/lnkd.in\/e9cCCR-d<\/a><\/p>\n\n\n\n<p>Wir freuen uns auf eine gute Zusammenarbeit &#8211; auf und neben dem Spielfeld.<\/p>\n\n\n\n<figure class=\"wp-block-image size-large\"><img fetchpriority=\"high\" decoding=\"async\" width=\"1024\" height=\"683\" src=\"https:\/\/quicargo.com\/wp-content\/uploads\/2025\/08\/54128-Fotoburo-Toin-Damen-1024x683.jpg\" alt=\"\" class=\"wp-image-137795\" srcset=\"https:\/\/quicargo.com\/wp-content\/uploads\/2025\/08\/54128-Fotoburo-Toin-Damen-1024x683.jpg 1024w, https:\/\/quicargo.com\/wp-content\/uploads\/2025\/08\/54128-Fotoburo-Toin-Damen-300x200.jpg 300w, https:\/\/quicargo.com\/wp-content\/uploads\/2025\/08\/54128-Fotoburo-Toin-Damen-768x512.jpg 768w, https:\/\/quicargo.com\/wp-content\/uploads\/2025\/08\/54128-Fotoburo-Toin-Damen-1536x1024.jpg 1536w, https:\/\/quicargo.com\/wp-content\/uploads\/2025\/08\/54128-Fotoburo-Toin-Damen-2048x1366.jpg 2048w\" sizes=\"(max-width: 1024px) 100vw, 1024px\" \/><\/figure>\n","protected":false},"excerpt":{"rendered":"<p>Wir sind stolz, bekannt zu geben, dass Quicargo f\u00fcr die n\u00e4chsten zwei Spielzeiten Trikotpartner von Willem II sein wird. Bis 2027 wird unser Logo auf der R\u00fcckseite des Ausw\u00e4rtstrikots und des Trikots der Tricolores zu sehen sein. Als digitale Plattform f\u00fcr Transportl\u00f6sungen schlie\u00dfen wir uns einem Verein an, der Innovation und Fortschritt in den Mittelpunkt [&hellip;]<\/p>\n","protected":false},"author":31,"featured_media":0,"comment_status":"closed","ping_status":"open","sticky":false,"template":"","format":"standard","meta":{"footnotes":""},"categories":[171,275,105,178,176,197,231],"tags":[],"class_list":["post-137803","post","type-post","status-publish","format-standard","hentry","category-all","category-blog","category-news","category-new-partners","category-platform-updates","category-news-platform-updates-nl","category-press-and-media-blogs"],"yoast_head":"<!-- This site is optimized with the Yoast SEO plugin v25.2 - https:\/\/yoast.com\/wordpress\/plugins\/seo\/ -->\n<title>Quicargo neuer Trikotpartner von Willem II<\/title>\n<meta name=\"robots\" content=\"index, follow, max-snippet:-1, max-image-preview:large, max-video-preview:-1\" \/>\n<link rel=\"canonical\" href=\"https:\/\/quicargo.com\/de\/news\/quicargo-neuer-trikotpartner-von-willem-ii\/\" \/>\n<meta property=\"og:locale\" content=\"de_DE\" \/>\n<meta property=\"og:type\" content=\"article\" \/>\n<meta property=\"og:title\" content=\"Quicargo neuer Trikotpartner von Willem II\" \/>\n<meta property=\"og:description\" content=\"Wir sind stolz, bekannt zu geben, dass Quicargo f\u00fcr die n\u00e4chsten zwei Spielzeiten Trikotpartner von Willem II sein wird. Bis 2027 wird unser Logo auf der R\u00fcckseite des Ausw\u00e4rtstrikots und des Trikots der Tricolores zu sehen sein. Als digitale Plattform f\u00fcr Transportl\u00f6sungen schlie\u00dfen wir uns einem Verein an, der Innovation und Fortschritt in den Mittelpunkt [&hellip;]\" \/>\n<meta property=\"og:url\" content=\"https:\/\/quicargo.com\/de\/news\/quicargo-neuer-trikotpartner-von-willem-ii\/\" \/>\n<meta property=\"og:site_name\" content=\"Quicargo\" \/>\n<meta property=\"article:published_time\" content=\"2025-08-13T10:42:02+00:00\" \/>\n<meta property=\"article:modified_time\" content=\"2025-08-13T10:42:03+00:00\" \/>\n<meta property=\"og:image\" content=\"https:\/\/quicargo.com\/wp-content\/uploads\/2025\/08\/54128-Fotoburo-Toin-Damen-scaled.jpg\" \/>\n\t<meta property=\"og:image:width\" content=\"2560\" \/>\n\t<meta property=\"og:image:height\" content=\"1707\" \/>\n\t<meta property=\"og:image:type\" content=\"image\/jpeg\" \/>\n<meta name=\"author\" content=\"Danique\" \/>\n<meta name=\"twitter:card\" content=\"summary_large_image\" \/>\n<meta name=\"twitter:label1\" content=\"Verfasst von\" \/>\n\t<meta name=\"twitter:data1\" content=\"Danique\" \/>\n\t<meta name=\"twitter:label2\" content=\"Gesch\u00e4tzte Lesezeit\" \/>\n\t<meta name=\"twitter:data2\" content=\"1\u00a0Minute\" \/>\n<script type=\"application\/ld+json\" class=\"yoast-schema-graph\">{\"@context\":\"https:\/\/schema.org\",\"@graph\":[{\"@type\":\"Article\",\"@id\":\"https:\/\/quicargo.com\/de\/news\/quicargo-neuer-trikotpartner-von-willem-ii\/#article\",\"isPartOf\":{\"@id\":\"https:\/\/quicargo.com\/de\/news\/quicargo-neuer-trikotpartner-von-willem-ii\/\"},\"author\":{\"name\":\"Danique\",\"@id\":\"https:\/\/quicargo.com\/de\/#\/schema\/person\/2575a30b612e40c4355b88b7d4574682\"},\"headline\":\"Quicargo neuer Trikotpartner von Willem II\",\"datePublished\":\"2025-08-13T10:42:02+00:00\",\"dateModified\":\"2025-08-13T10:42:03+00:00\",\"mainEntityOfPage\":{\"@id\":\"https:\/\/quicargo.com\/de\/news\/quicargo-neuer-trikotpartner-von-willem-ii\/\"},\"wordCount\":204,\"publisher\":{\"@id\":\"https:\/\/quicargo.com\/de\/#organization\"},\"image\":{\"@id\":\"https:\/\/quicargo.com\/de\/news\/quicargo-neuer-trikotpartner-von-willem-ii\/#primaryimage\"},\"thumbnailUrl\":\"https:\/\/quicargo.com\/wp-content\/uploads\/2025\/08\/54128-Fotoburo-Toin-Damen-1024x683.jpg\",\"articleSection\":[\"All news categories\",\"Blog\",\"News\",\"News - New partners\",\"News - platform updates\",\"News - platform updates\",\"Press &amp; Media Blogs\"],\"inLanguage\":\"de\"},{\"@type\":\"WebPage\",\"@id\":\"https:\/\/quicargo.com\/de\/news\/quicargo-neuer-trikotpartner-von-willem-ii\/\",\"url\":\"https:\/\/quicargo.com\/de\/news\/quicargo-neuer-trikotpartner-von-willem-ii\/\",\"name\":\"Quicargo neuer Trikotpartner von Willem II\",\"isPartOf\":{\"@id\":\"https:\/\/quicargo.com\/de\/#website\"},\"primaryImageOfPage\":{\"@id\":\"https:\/\/quicargo.com\/de\/news\/quicargo-neuer-trikotpartner-von-willem-ii\/#primaryimage\"},\"image\":{\"@id\":\"https:\/\/quicargo.com\/de\/news\/quicargo-neuer-trikotpartner-von-willem-ii\/#primaryimage\"},\"thumbnailUrl\":\"https:\/\/quicargo.com\/wp-content\/uploads\/2025\/08\/54128-Fotoburo-Toin-Damen-1024x683.jpg\",\"datePublished\":\"2025-08-13T10:42:02+00:00\",\"dateModified\":\"2025-08-13T10:42:03+00:00\",\"breadcrumb\":{\"@id\":\"https:\/\/quicargo.com\/de\/news\/quicargo-neuer-trikotpartner-von-willem-ii\/#breadcrumb\"},\"inLanguage\":\"de\",\"potentialAction\":[{\"@type\":\"ReadAction\",\"target\":[\"https:\/\/quicargo.com\/de\/news\/quicargo-neuer-trikotpartner-von-willem-ii\/\"]}]},{\"@type\":\"ImageObject\",\"inLanguage\":\"de\",\"@id\":\"https:\/\/quicargo.com\/de\/news\/quicargo-neuer-trikotpartner-von-willem-ii\/#primaryimage\",\"url\":\"https:\/\/quicargo.com\/wp-content\/uploads\/2025\/08\/54128-Fotoburo-Toin-Damen-1024x683.jpg\",\"contentUrl\":\"https:\/\/quicargo.com\/wp-content\/uploads\/2025\/08\/54128-Fotoburo-Toin-Damen-1024x683.jpg\"},{\"@type\":\"BreadcrumbList\",\"@id\":\"https:\/\/quicargo.com\/de\/news\/quicargo-neuer-trikotpartner-von-willem-ii\/#breadcrumb\",\"itemListElement\":[{\"@type\":\"ListItem\",\"position\":1,\"name\":\"Home\",\"item\":\"https:\/\/quicargo.com\/de\/\"},{\"@type\":\"ListItem\",\"position\":2,\"name\":\"Quicargo neuer Trikotpartner von Willem II\"}]},{\"@type\":\"WebSite\",\"@id\":\"https:\/\/quicargo.com\/de\/#website\",\"url\":\"https:\/\/quicargo.com\/de\/\",\"name\":\"Quicargo\",\"description\":\"No more empty trucks\",\"publisher\":{\"@id\":\"https:\/\/quicargo.com\/de\/#organization\"},\"potentialAction\":[{\"@type\":\"SearchAction\",\"target\":{\"@type\":\"EntryPoint\",\"urlTemplate\":\"https:\/\/quicargo.com\/de\/?s={search_term_string}\"},\"query-input\":{\"@type\":\"PropertyValueSpecification\",\"valueRequired\":true,\"valueName\":\"search_term_string\"}}],\"inLanguage\":\"de\"},{\"@type\":\"Organization\",\"@id\":\"https:\/\/quicargo.com\/de\/#organization\",\"name\":\"Quicargo\",\"url\":\"https:\/\/quicargo.com\/de\/\",\"logo\":{\"@type\":\"ImageObject\",\"inLanguage\":\"de\",\"@id\":\"https:\/\/quicargo.com\/de\/#\/schema\/logo\/image\/\",\"url\":\"https:\/\/quicargo.com\/wp-content\/uploads\/2020\/02\/Quicargo-official-logo.png\",\"contentUrl\":\"https:\/\/quicargo.com\/wp-content\/uploads\/2020\/02\/Quicargo-official-logo.png\",\"width\":148,\"height\":59,\"caption\":\"Quicargo\"},\"image\":{\"@id\":\"https:\/\/quicargo.com\/de\/#\/schema\/logo\/image\/\"}},{\"@type\":\"Person\",\"@id\":\"https:\/\/quicargo.com\/de\/#\/schema\/person\/2575a30b612e40c4355b88b7d4574682\",\"name\":\"Danique\",\"image\":{\"@type\":\"ImageObject\",\"inLanguage\":\"de\",\"@id\":\"https:\/\/quicargo.com\/de\/#\/schema\/person\/image\/\",\"url\":\"https:\/\/secure.gravatar.com\/avatar\/ba037f27cfb7e733572f11586ecfca72?s=96&d=mm&r=g\",\"contentUrl\":\"https:\/\/secure.gravatar.com\/avatar\/ba037f27cfb7e733572f11586ecfca72?s=96&d=mm&r=g\",\"caption\":\"Danique\"}}]}<\/script>\n<!-- \/ Yoast SEO plugin. -->","yoast_head_json":{"title":"Quicargo neuer Trikotpartner von Willem II","robots":{"index":"index","follow":"follow","max-snippet":"max-snippet:-1","max-image-preview":"max-image-preview:large","max-video-preview":"max-video-preview:-1"},"canonical":"https:\/\/quicargo.com\/de\/news\/quicargo-neuer-trikotpartner-von-willem-ii\/","og_locale":"de_DE","og_type":"article","og_title":"Quicargo neuer Trikotpartner von Willem II","og_description":"Wir sind stolz, bekannt zu geben, dass Quicargo f\u00fcr die n\u00e4chsten zwei Spielzeiten Trikotpartner von Willem II sein wird. Bis 2027 wird unser Logo auf der R\u00fcckseite des Ausw\u00e4rtstrikots und des Trikots der Tricolores zu sehen sein. Als digitale Plattform f\u00fcr Transportl\u00f6sungen schlie\u00dfen wir uns einem Verein an, der Innovation und Fortschritt in den Mittelpunkt [&hellip;]","og_url":"https:\/\/quicargo.com\/de\/news\/quicargo-neuer-trikotpartner-von-willem-ii\/","og_site_name":"Quicargo","article_published_time":"2025-08-13T10:42:02+00:00","article_modified_time":"2025-08-13T10:42:03+00:00","og_image":[{"width":2560,"height":1707,"url":"https:\/\/quicargo.com\/wp-content\/uploads\/2025\/08\/54128-Fotoburo-Toin-Damen-scaled.jpg","type":"image\/jpeg"}],"author":"Danique","twitter_card":"summary_large_image","twitter_misc":{"Verfasst von":"Danique","Gesch\u00e4tzte Lesezeit":"1\u00a0Minute"},"schema":{"@context":"https:\/\/schema.org","@graph":[{"@type":"Article","@id":"https:\/\/quicargo.com\/de\/news\/quicargo-neuer-trikotpartner-von-willem-ii\/#article","isPartOf":{"@id":"https:\/\/quicargo.com\/de\/news\/quicargo-neuer-trikotpartner-von-willem-ii\/"},"author":{"name":"Danique","@id":"https:\/\/quicargo.com\/de\/#\/schema\/person\/2575a30b612e40c4355b88b7d4574682"},"headline":"Quicargo neuer Trikotpartner von Willem II","datePublished":"2025-08-13T10:42:02+00:00","dateModified":"2025-08-13T10:42:03+00:00","mainEntityOfPage":{"@id":"https:\/\/quicargo.com\/de\/news\/quicargo-neuer-trikotpartner-von-willem-ii\/"},"wordCount":204,"publisher":{"@id":"https:\/\/quicargo.com\/de\/#organization"},"image":{"@id":"https:\/\/quicargo.com\/de\/news\/quicargo-neuer-trikotpartner-von-willem-ii\/#primaryimage"},"thumbnailUrl":"https:\/\/quicargo.com\/wp-content\/uploads\/2025\/08\/54128-Fotoburo-Toin-Damen-1024x683.jpg","articleSection":["All news categories","Blog","News","News - New partners","News - platform updates","News - platform updates","Press &amp; Media Blogs"],"inLanguage":"de"},{"@type":"WebPage","@id":"https:\/\/quicargo.com\/de\/news\/quicargo-neuer-trikotpartner-von-willem-ii\/","url":"https:\/\/quicargo.com\/de\/news\/quicargo-neuer-trikotpartner-von-willem-ii\/","name":"Quicargo neuer Trikotpartner von Willem II","isPartOf":{"@id":"https:\/\/quicargo.com\/de\/#website"},"primaryImageOfPage":{"@id":"https:\/\/quicargo.com\/de\/news\/quicargo-neuer-trikotpartner-von-willem-ii\/#primaryimage"},"image":{"@id":"https:\/\/quicargo.com\/de\/news\/quicargo-neuer-trikotpartner-von-willem-ii\/#primaryimage"},"thumbnailUrl":"https:\/\/quicargo.com\/wp-content\/uploads\/2025\/08\/54128-Fotoburo-Toin-Damen-1024x683.jpg","datePublished":"2025-08-13T10:42:02+00:00","dateModified":"2025-08-13T10:42:03+00:00","breadcrumb":{"@id":"https:\/\/quicargo.com\/de\/news\/quicargo-neuer-trikotpartner-von-willem-ii\/#breadcrumb"},"inLanguage":"de","potentialAction":[{"@type":"ReadAction","target":["https:\/\/quicargo.com\/de\/news\/quicargo-neuer-trikotpartner-von-willem-ii\/"]}]},{"@type":"ImageObject","inLanguage":"de","@id":"https:\/\/quicargo.com\/de\/news\/quicargo-neuer-trikotpartner-von-willem-ii\/#primaryimage","url":"https:\/\/quicargo.com\/wp-content\/uploads\/2025\/08\/54128-Fotoburo-Toin-Damen-1024x683.jpg","contentUrl":"https:\/\/quicargo.com\/wp-content\/uploads\/2025\/08\/54128-Fotoburo-Toin-Damen-1024x683.jpg"},{"@type":"BreadcrumbList","@id":"https:\/\/quicargo.com\/de\/news\/quicargo-neuer-trikotpartner-von-willem-ii\/#breadcrumb","itemListElement":[{"@type":"ListItem","position":1,"name":"Home","item":"https:\/\/quicargo.com\/de\/"},{"@type":"ListItem","position":2,"name":"Quicargo neuer Trikotpartner von Willem II"}]},{"@type":"WebSite","@id":"https:\/\/quicargo.com\/de\/#website","url":"https:\/\/quicargo.com\/de\/","name":"Quicargo","description":"No more empty trucks","publisher":{"@id":"https:\/\/quicargo.com\/de\/#organization"},"potentialAction":[{"@type":"SearchAction","target":{"@type":"EntryPoint","urlTemplate":"https:\/\/quicargo.com\/de\/?s={search_term_string}"},"query-input":{"@type":"PropertyValueSpecification","valueRequired":true,"valueName":"search_term_string"}}],"inLanguage":"de"},{"@type":"Organization","@id":"https:\/\/quicargo.com\/de\/#organization","name":"Quicargo","url":"https:\/\/quicargo.com\/de\/","logo":{"@type":"ImageObject","inLanguage":"de","@id":"https:\/\/quicargo.com\/de\/#\/schema\/logo\/image\/","url":"https:\/\/quicargo.com\/wp-content\/uploads\/2020\/02\/Quicargo-official-logo.png","contentUrl":"https:\/\/quicargo.com\/wp-content\/uploads\/2020\/02\/Quicargo-official-logo.png","width":148,"height":59,"caption":"Quicargo"},"image":{"@id":"https:\/\/quicargo.com\/de\/#\/schema\/logo\/image\/"}},{"@type":"Person","@id":"https:\/\/quicargo.com\/de\/#\/schema\/person\/2575a30b612e40c4355b88b7d4574682","name":"Danique","image":{"@type":"ImageObject","inLanguage":"de","@id":"https:\/\/quicargo.com\/de\/#\/schema\/person\/image\/","url":"https:\/\/secure.gravatar.com\/avatar\/ba037f27cfb7e733572f11586ecfca72?s=96&d=mm&r=g","contentUrl":"https:\/\/secure.gravatar.com\/avatar\/ba037f27cfb7e733572f11586ecfca72?s=96&d=mm&r=g","caption":"Danique"}}]}},"_links":{"self":[{"href":"https:\/\/quicargo.com\/de\/wp-json\/wp\/v2\/posts\/137803","targetHints":{"allow":["GET"]}}],"collection":[{"href":"https:\/\/quicargo.com\/de\/wp-json\/wp\/v2\/posts"}],"about":[{"href":"https:\/\/quicargo.com\/de\/wp-json\/wp\/v2\/types\/post"}],"author":[{"embeddable":true,"href":"https:\/\/quicargo.com\/de\/wp-json\/wp\/v2\/users\/31"}],"replies":[{"embeddable":true,"href":"https:\/\/quicargo.com\/de\/wp-json\/wp\/v2\/comments?post=137803"}],"version-history":[{"count":1,"href":"https:\/\/quicargo.com\/de\/wp-json\/wp\/v2\/posts\/137803\/revisions"}],"predecessor-version":[{"id":137804,"href":"https:\/\/quicargo.com\/de\/wp-json\/wp\/v2\/posts\/137803\/revisions\/137804"}],"wp:attachment":[{"href":"https:\/\/quicargo.com\/de\/wp-json\/wp\/v2\/media?parent=137803"}],"wp:term":[{"taxonomy":"category","embeddable":true,"href":"https:\/\/quicargo.com\/de\/wp-json\/wp\/v2\/categories?post=137803"},{"taxonomy":"post_tag","embeddable":true,"href":"https:\/\/quicargo.com\/de\/wp-json\/wp\/v2\/tags?post=137803"}],"curies":[{"name":"wp","href":"https:\/\/api.w.org\/{rel}","templated":true}]}}